{"id":1278,"date":"2022-10-22T21:00:44","date_gmt":"2022-10-22T19:00:44","guid":{"rendered":"http:\/\/okrok.fun\/?p=1278"},"modified":"2022-11-27T19:12:25","modified_gmt":"2022-11-27T18:12:25","slug":"niechanowo-kosciolek-na-odludziu-nioechanowo-little-church-in-a-remote-area-na-najwyzszym-wzgorzu-w-niechanowie-w-wielkopolsce-wznosi-sie-kosciol-pod-wezwaniem-sw-jakuba-okolo-roku-1300-rodzina","status":"publish","type":"post","link":"http:\/\/okrok.fun\/?p=1278","title":{"rendered":"Niechanowo &#8211; ko\u015bci\u00f3\u0142ek na odludziu\/Niechanowo &#8211; little church in a remote area."},"content":{"rendered":"\n<p><\/p>\n\n\n\n<figure class=\"wp-block-image size-full\"><img fetchpriority=\"high\" decoding=\"async\" width=\"600\" height=\"900\" src=\"http:\/\/okrok.fun\/wp-content\/uploads\/2022\/10\/IMG_8878.jpg1_.jpg\" alt=\"\" class=\"wp-image-1285\" srcset=\"http:\/\/okrok.fun\/wp-content\/uploads\/2022\/10\/IMG_8878.jpg1_.jpg 600w, http:\/\/okrok.fun\/wp-content\/uploads\/2022\/10\/IMG_8878.jpg1_-200x300.jpg 200w, http:\/\/okrok.fun\/wp-content\/uploads\/2022\/10\/IMG_8878.jpg1_-300x450.jpg 300w\" sizes=\"(max-width: 600px) 100vw, 600px\" \/><\/figure>\n\n\n\n<p><\/p>\n\n\n\n<p>Na najwy\u017cszym wzg\u00f3rzu w Niechanowie w Wielkopolsce wznosi si\u0119 ko\u015bci\u00f3\u0142 pod wezwaniem \u015bw. Jakuba. Oko\u0142o roku 1300 rodzina Poraj\u00f3w \u2013R\u00f3\u017cyc\u00f3w ufundowa\u0142a \u015bwi\u0105tynnie na miejscu o\u015brodka kultu poga\u0144skiego. Jak m\u00f3wi\u0105 przekazy pierwszym proboszem w Niechanowie by\u0142 ksi\u0105dz Damian. W 1530 roku Jan Tomiki ufundowa\u0142 naw\u0105 \u015bwi\u0105tyni\u0119. I sprowadzi\u0142 do niej du\u017cy dzwon, kt\u00f3ry zrabowali Niemcy w czasie drugiej wojny. W 1635 roku do ko\u015bcio\u0142a podkopa\u0142 si\u0119 z\u0142odziej! Zrabowa\u0142 cenne przedmioty miedzy innymi srebrn\u0105 koron\u0119 z obrazu Matki Bo\u017cej. 3 sierpnia 1656 roku przyby\u0142 do parafii bp Stanis\u0142aw \u015awi\u0119cicki, aby konsekrowa\u0107 nowy portatyl do g\u0142\u00f3wnego o\u0142tarza, w kt\u00f3rym umieszczono relikwie \u015bw. Zefiryna i \u015bw. Konstancji.&nbsp;Stanis\u0142aw Dzia\u0142y\u0144ski przywi\u00f3z\u0142 20 lipca 1668 roku z Rzymu relikwie \u015bw. Maksyma z Turynu, kt\u00f3re zosta\u0142y wydobyte z katakumb rzymskich Cyriaka.<\/p>\n\n\n\n<figure class=\"wp-block-image size-full\"><img decoding=\"async\" width=\"1024\" height=\"661\" src=\"http:\/\/okrok.fun\/wp-content\/uploads\/2022\/10\/IMG_8883-1.jpg1_-1.jpg\" alt=\"\" class=\"wp-image-1286\" srcset=\"http:\/\/okrok.fun\/wp-content\/uploads\/2022\/10\/IMG_8883-1.jpg1_-1.jpg 1024w, http:\/\/okrok.fun\/wp-content\/uploads\/2022\/10\/IMG_8883-1.jpg1_-1-300x194.jpg 300w, http:\/\/okrok.fun\/wp-content\/uploads\/2022\/10\/IMG_8883-1.jpg1_-1-768x496.jpg 768w, http:\/\/okrok.fun\/wp-content\/uploads\/2022\/10\/IMG_8883-1.jpg1_-1-850x549.jpg 850w\" sizes=\"(max-width: 1024px) 100vw, 1024px\" \/><\/figure>\n\n\n\n<p>W roku 1705 moskale i kozacy doszcz\u0119tnie ograbili ko\u015bci\u00f3\u0142 ze wszystkiego co przedstawia\u0142o jak\u0105\u015b warto\u015b\u0107. Wtedy to ko\u015bci\u00f3\u0142 by\u0142 ca\u0142kowicie drewniany wewn\u0105trz&nbsp; z du\u017c\u0105 ilo\u015bci\u0105 malowide\u0142, kt\u00f3re to ju\u017c wtedy by\u0142y w z\u0142ym stanie. W 1727 roku ko\u015bci\u00f3\u0142 podpada\u0142 w ruin\u0119.<\/p>\n\n\n\n<figure class=\"wp-block-image size-full\"><img decoding=\"async\" width=\"600\" height=\"900\" src=\"http:\/\/okrok.fun\/wp-content\/uploads\/2022\/10\/IMG_8885.jpg1_.jpg\" alt=\"\" class=\"wp-image-1287\" srcset=\"http:\/\/okrok.fun\/wp-content\/uploads\/2022\/10\/IMG_8885.jpg1_.jpg 600w, http:\/\/okrok.fun\/wp-content\/uploads\/2022\/10\/IMG_8885.jpg1_-200x300.jpg 200w, http:\/\/okrok.fun\/wp-content\/uploads\/2022\/10\/IMG_8885.jpg1_-300x450.jpg 300w\" sizes=\"(max-width: 600px) 100vw, 600px\" \/><\/figure>\n\n\n\n<p>Dnia 5 lipca 1780 roku bp Jan Karski konsekrowa\u0142 nowy portatyl do ko\u015bcio\u0142a. Prawdopodobnie odby\u0142a si\u0119 ponowna konsekracja \u015bwi\u0105tyni, o czym \u015bwiadczy uroczysto\u015b\u0107 po\u015bwi\u0119cenia ko\u015bcio\u0142a corocznie tego dnia obchodzona w parafii. W 1806 roku \u015bwi\u0105tynia zn\u00f3w zosta\u0142a ograbiona. Podczas pobytu w Rzymie, hr. Franciszek \u017b\u00f3\u0142towski zakupi\u0142 figur\u0119 Naj\u015bwi\u0119tszej Maryi Panny Niepokalanie Pocz\u0119tej. W roku 1870 parafia otrzyma\u0142a dekret od papie\u017ca Piusa IX, dotycz\u0105cy obchodu dnia po\u015bwi\u0119cenia ko\u015bcio\u0142a. Papie\u017c wyznaczy\u0142 termin na dzie\u0144 30 sierpnia.&nbsp;W roku 1906 przed\u0142u\u017cono naw\u0119 w kierunku zachodnim. Druga wojna \u015bwiatowa nie oszcz\u0119dzi\u0142a Niechanowa. Okupanci ograbili ko\u015bci\u00f3\u0142, zabrali dzwony, zniszczyli cmentarz obalaj\u0105c krzy\u017ce i nagrobki . Wa\u017cnym wydarzeniem dla Niechanowa by\u0142o pierwsze spotkanie z nowym Prymasem, kt\u00f3rym zosta\u0142 kard. Stefan Wyszy\u0144ski. Prymas, wracaj\u0105c 5 lutego 1949 roku do Warszawy z ingresu w Gnie\u017anie, zatrzyma\u0142 si\u0119, aby udzieli\u0107 pasterskiego b\u0142ogos\u0142awie\u0144stwa licznie zebranym wiernym, kt\u00f3rzy wraz z proboszczem Heli\u0144skim zgromadzili si\u0119 przy drodze g\u0142\u00f3wnej.<\/p>\n\n\n\n<figure class=\"wp-block-image size-full\"><img loading=\"lazy\" decoding=\"async\" width=\"1024\" height=\"656\" src=\"http:\/\/okrok.fun\/wp-content\/uploads\/2022\/10\/IMG_8886.jpg1_.jpg\" alt=\"\" class=\"wp-image-1288\" srcset=\"http:\/\/okrok.fun\/wp-content\/uploads\/2022\/10\/IMG_8886.jpg1_.jpg 1024w, http:\/\/okrok.fun\/wp-content\/uploads\/2022\/10\/IMG_8886.jpg1_-300x192.jpg 300w, http:\/\/okrok.fun\/wp-content\/uploads\/2022\/10\/IMG_8886.jpg1_-768x492.jpg 768w, http:\/\/okrok.fun\/wp-content\/uploads\/2022\/10\/IMG_8886.jpg1_-850x545.jpg 850w\" sizes=\"(max-width: 1024px) 100vw, 1024px\" \/><\/figure>\n\n\n\n<p>Dzi\u015b ko\u015bci\u00f3\u0142 g\u00f3ruje nadal nad okolic\u0105 \u015bwi\u0105tynia jest przyk\u0142adem umiej\u0119tnego po\u0142\u0105czenia barokowej konstrukcji drewnianej z&nbsp;murowan\u0105 neobarokow\u0105 powsta\u0142\u0105 w&nbsp;1908&nbsp;r.&nbsp;Ciekawa pod wzgl\u0119dem architektonicznym budowla przykuwa wzrok. Ko\u015bci\u00f3\u0142 w niedziel\u0119 jest otwarty. I tak powinno by\u0107 \u015bwi\u0105tynie powinny by\u0107 otwarte dla wiernych i zwiedzaj\u0105cych , bo po c\u00f3\u017c wznosi\u0107 ko\u015bcio\u0142y kt\u00f3rych drzwi s\u0105 zamkni\u0119te.<\/p>\n\n\n\n<figure class=\"wp-block-image size-full\"><img loading=\"lazy\" decoding=\"async\" width=\"1024\" height=\"683\" src=\"http:\/\/okrok.fun\/wp-content\/uploads\/2022\/10\/IMG_8889.jpg1_.jpg\" alt=\"\" class=\"wp-image-1289\" srcset=\"http:\/\/okrok.fun\/wp-content\/uploads\/2022\/10\/IMG_8889.jpg1_.jpg 1024w, http:\/\/okrok.fun\/wp-content\/uploads\/2022\/10\/IMG_8889.jpg1_-300x200.jpg 300w, http:\/\/okrok.fun\/wp-content\/uploads\/2022\/10\/IMG_8889.jpg1_-768x512.jpg 768w, http:\/\/okrok.fun\/wp-content\/uploads\/2022\/10\/IMG_8889.jpg1_-850x567.jpg 850w\" sizes=\"(max-width: 1024px) 100vw, 1024px\" \/><\/figure>\n\n\n\n<p>On the highest hill in Niechan\u00f3w in Greater Poland stands the Church of St. James. Around 1300, the Poraj-R\u00f3\u017cyc family founded a temple on the site of a pagan cult center. According to the messages, the first parish priest in Niechan\u00f3w was Father Damian. In 1530, Jan Tomiki founded the nave temple. And he brought a large bell to it, which was stolen by the Germans during the Second World War. In 1635, a thief buried the church! He robbed valuable items, including a silver crown from a painting of the Mother of God. On August 3, 1656, Bishop Stanis\u0142aw \u015awi\u0119cicki came to the parish to consecrate a new portatile for the main altar, in which the relics of St. Zephyrine and St. Constance. On July 20, 1668, Stanis\u0142aw Dzia\u0142y\u0144ski brought the relics of St. Maximus of Turin, which were excavated from the Roman catacombs of Cyriacus.<\/p>\n\n\n\n<figure class=\"wp-block-image size-full\"><img loading=\"lazy\" decoding=\"async\" width=\"600\" height=\"900\" src=\"http:\/\/okrok.fun\/wp-content\/uploads\/2022\/10\/IMG_8891.jpg1_.jpg\" alt=\"\" class=\"wp-image-1290\" srcset=\"http:\/\/okrok.fun\/wp-content\/uploads\/2022\/10\/IMG_8891.jpg1_.jpg 600w, http:\/\/okrok.fun\/wp-content\/uploads\/2022\/10\/IMG_8891.jpg1_-200x300.jpg 200w, http:\/\/okrok.fun\/wp-content\/uploads\/2022\/10\/IMG_8891.jpg1_-300x450.jpg 300w\" sizes=\"(max-width: 600px) 100vw, 600px\" \/><\/figure>\n\n\n\n<p>In 17005, Muscovites and Cossacks completely robbed the church of anything of value. At that time, the church was completely wooden inside with many paintings, which were already in bad condition then. In 1727 the church fell into disrepair.<\/p>\n\n\n\n<figure class=\"wp-block-image size-full\"><img loading=\"lazy\" decoding=\"async\" width=\"600\" height=\"900\" src=\"http:\/\/okrok.fun\/wp-content\/uploads\/2022\/10\/IMG_8892.jpg1_.jpg\" alt=\"\" class=\"wp-image-1291\" srcset=\"http:\/\/okrok.fun\/wp-content\/uploads\/2022\/10\/IMG_8892.jpg1_.jpg 600w, http:\/\/okrok.fun\/wp-content\/uploads\/2022\/10\/IMG_8892.jpg1_-200x300.jpg 200w, http:\/\/okrok.fun\/wp-content\/uploads\/2022\/10\/IMG_8892.jpg1_-300x450.jpg 300w\" sizes=\"(max-width: 600px) 100vw, 600px\" \/><\/figure>\n\n\n\n<p>On July 5, 1780, Bishop Jan Karski consecrated a new portatile to the church. It is likely that the temple was re-consecrated, as evidenced by the dedication of the church celebrated annually on that day in the parish. In 1806, the temple was plundered again. During his stay in Rome, Count. Franciszek \u017b\u00f3\u0142towski bought a statue of the Blessed Virgin Mary of the Immaculate Conception. In 1870, the parish received a decree from Pope Pius IX regarding the celebration of the day of the dedication of the church. The Pope has set a deadline for August 30. In 1906, the nave was extended to the west. The Second World War did not spare Niechan\u00f3w. The occupiers looted the church, took the bells, and destroyed the cemetery by knocking down crosses and tombstones. An important event for Niechan\u00f3w was the first meeting with the new Primate, Cardinal Stefan Wyszy\u0144ski. The Primate, returning to Warsaw on February 5, 1949 from his ingress in Gniezno, stopped to give a pastoral blessing to the numerous faithful who, together with the parish priest Heli\u0144ski, gathered on the main road.<\/p>\n\n\n\n<figure class=\"wp-block-image size-full\"><img loading=\"lazy\" decoding=\"async\" width=\"1024\" height=\"672\" src=\"http:\/\/okrok.fun\/wp-content\/uploads\/2022\/10\/IMG_8894.jpg1_.jpg\" alt=\"\" class=\"wp-image-1292\" srcset=\"http:\/\/okrok.fun\/wp-content\/uploads\/2022\/10\/IMG_8894.jpg1_.jpg 1024w, http:\/\/okrok.fun\/wp-content\/uploads\/2022\/10\/IMG_8894.jpg1_-300x197.jpg 300w, http:\/\/okrok.fun\/wp-content\/uploads\/2022\/10\/IMG_8894.jpg1_-768x504.jpg 768w, http:\/\/okrok.fun\/wp-content\/uploads\/2022\/10\/IMG_8894.jpg1_-350x230.jpg 350w, http:\/\/okrok.fun\/wp-content\/uploads\/2022\/10\/IMG_8894.jpg1_-850x558.jpg 850w\" sizes=\"(max-width: 1024px) 100vw, 1024px\" \/><\/figure>\n\n\n\n<p>Today, the church still towers over the surrounding area. The church is an example of a skilful combination of a baroque wooden structure with a neo-baroque brick one, built in 1908. The building, which is interesting in terms of architecture, catches the eye. The church is open on Sunday. And this is how churches should be open to the faithful and visitors, because why build churches whose doors are closed.<\/p>\n","protected":false},"excerpt":{"rendered":"<p>Na najwy\u017cszym wzg\u00f3rzu w Niechanowie w Wielkopolsce wznosi si\u0119 ko\u015bci\u00f3\u0142 pod wezwaniem \u015bw. Jakuba. Oko\u0142o roku 1300 rodzina Poraj\u00f3w \u2013R\u00f3\u017cyc\u00f3w ufundowa\u0142a \u015bwi\u0105tynnie na miejscu o\u015brodka kultu poga\u0144skiego. Jak m\u00f3wi\u0105 przekazy pierwszym proboszem w Niechanowie by\u0142 ksi\u0105dz Damian. W 1530 roku Jan Tomiki ufundowa\u0142 naw\u0105 \u015bwi\u0105tyni\u0119. I sprowadzi\u0142 do niej du\u017cy dzwon, kt\u00f3ry zrabowali Niemcy w&#8230;<\/p>\n","protected":false},"author":1,"featured_media":1282,"comment_status":"open","ping_status":"open","sticky":false,"template":"","format":"standard","meta":{"footnotes":""},"categories":[12],"tags":[],"class_list":["post-1278","post","type-post","status-publish","format-standard","has-post-thumbnail","hentry","category-koscioly"],"_links":{"self":[{"href":"http:\/\/okrok.fun\/index.php?rest_route=\/wp\/v2\/posts\/1278","targetHints":{"allow":["GET"]}}],"collection":[{"href":"http:\/\/okrok.fun\/index.php?rest_route=\/wp\/v2\/posts"}],"about":[{"href":"http:\/\/okrok.fun\/index.php?rest_route=\/wp\/v2\/types\/post"}],"author":[{"embeddable":true,"href":"http:\/\/okrok.fun\/index.php?rest_route=\/wp\/v2\/users\/1"}],"replies":[{"embeddable":true,"href":"http:\/\/okrok.fun\/index.php?rest_route=%2Fwp%2Fv2%2Fcomments&post=1278"}],"version-history":[{"count":13,"href":"http:\/\/okrok.fun\/index.php?rest_route=\/wp\/v2\/posts\/1278\/revisions"}],"predecessor-version":[{"id":1384,"href":"http:\/\/okrok.fun\/index.php?rest_route=\/wp\/v2\/posts\/1278\/revisions\/1384"}],"wp:featuredmedia":[{"embeddable":true,"href":"http:\/\/okrok.fun\/index.php?rest_route=\/wp\/v2\/media\/1282"}],"wp:attachment":[{"href":"http:\/\/okrok.fun\/index.php?rest_route=%2Fwp%2Fv2%2Fmedia&parent=1278"}],"wp:term":[{"taxonomy":"category","embeddable":true,"href":"http:\/\/okrok.fun\/index.php?rest_route=%2Fwp%2Fv2%2Fcategories&post=1278"},{"taxonomy":"post_tag","embeddable":true,"href":"http:\/\/okrok.fun\/index.php?rest_route=%2Fwp%2Fv2%2Ftags&post=1278"}],"curies":[{"name":"wp","href":"https:\/\/api.w.org\/{rel}","templated":true}]}}