{"id":1706,"date":"2024-02-19T16:40:04","date_gmt":"2024-02-19T15:40:04","guid":{"rendered":"http:\/\/okrok.fun\/?p=1706"},"modified":"2024-06-01T20:51:39","modified_gmt":"2024-06-01T18:51:39","slug":"niebianskie-sklepienia-bazyliki-w-pelplinie-heavenly-vaults-of-the-basilica-in-pelplin","status":"publish","type":"post","link":"http:\/\/okrok.fun\/?p=1706","title":{"rendered":"Niebia\u0144skie sklepienia bazyliki w Pelplinie\/Heavenly vaults of the basilica in Pelplin."},"content":{"rendered":"\n<p>Stary klucz zaskrzypia\u0142 w zamku. Otwar\u0142y si\u0119 boczne drzwi g\u0142\u00f3wnego wej\u015bcia do bazyliki katedralnej w Pelplinie pod wezwaniem Wniebowzi\u0119cia Naj\u015bwi\u0119tszej Maryi Panny. Mrok, cisza. Jeszcze kilka krok\u00f3w i\u2026 szok, zachwyt! Mieszaj\u0105 si\u0119 uczucia. Nie wiadomo co powiedzie\u0107. Najlepiej milcze\u0107 w tej ciszy przesyconej efektami kunsztu &nbsp;dawnych mistrz\u00f3w. Wzrok od razu w\u0119druje ku g\u00f3rze. Patrzymy na gwia\u017adziste sklepienia jak na rozgwie\u017cd\u017cone niebo i podziwiamy ogrom budowli i doskona\u0142o\u015b\u0107 Stw\u00f3rcy. To drugi pod wzgl\u0119dem wielko\u015bci ceglany, gotycki ko\u015bci\u00f3\u0142 w Polsce z najwi\u0119kszym drewnianym o\u0142tarzem w kraju.<\/p>\n\n\n\n<figure class=\"wp-block-image size-full\"><img fetchpriority=\"high\" decoding=\"async\" width=\"1024\" height=\"683\" src=\"http:\/\/okrok.fun\/wp-content\/uploads\/2024\/02\/IMG_1372.jpg1_.jpg\" alt=\"\" class=\"wp-image-1708\" srcset=\"http:\/\/okrok.fun\/wp-content\/uploads\/2024\/02\/IMG_1372.jpg1_.jpg 1024w, http:\/\/okrok.fun\/wp-content\/uploads\/2024\/02\/IMG_1372.jpg1_-300x200.jpg 300w, http:\/\/okrok.fun\/wp-content\/uploads\/2024\/02\/IMG_1372.jpg1_-768x512.jpg 768w, http:\/\/okrok.fun\/wp-content\/uploads\/2024\/02\/IMG_1372.jpg1_-850x567.jpg 850w\" sizes=\"(max-width: 1024px) 100vw, 1024px\" \/><\/figure>\n\n\n\n<p>Historia tego miejsca zaczyna si\u0119 w XIII wieku kiedy w roku 1274 przybyli na te ziemie cystersi i rozpocz\u0119li budow\u0119 swojej siedziby. Prace przygotowawcze trwa\u0142y 20 lat . Dopiero w 1300 roku rozpocz\u0119\u0142a si\u0119 w\u0142a\u015bciwa budowa za\u0142o\u017cenia klasztornego wraz z bazylik\u0105 i trwa\u0142a ponad 250 lat. Sama bry\u0142a katedry powsta\u0142a do roku 1400. Ko\u015bci\u00f3\u0142 i jego o\u0142tarz g\u0142\u00f3wny konsekrowane zosta\u0142y w 1476 r., za\u015b nawy boczne zosta\u0142y nakryte&nbsp; dachem oko\u0142o roku 1500.<\/p>\n\n\n\n<figure class=\"wp-block-image size-full\"><img decoding=\"async\" width=\"600\" height=\"900\" src=\"http:\/\/okrok.fun\/wp-content\/uploads\/2024\/02\/IMG_1390.jpg1_.jpg\" alt=\"\" class=\"wp-image-1709\" srcset=\"http:\/\/okrok.fun\/wp-content\/uploads\/2024\/02\/IMG_1390.jpg1_.jpg 600w, http:\/\/okrok.fun\/wp-content\/uploads\/2024\/02\/IMG_1390.jpg1_-200x300.jpg 200w, http:\/\/okrok.fun\/wp-content\/uploads\/2024\/02\/IMG_1390.jpg1_-300x450.jpg 300w\" sizes=\"(max-width: 600px) 100vw, 600px\" \/><\/figure>\n\n\n\n<p>Czas zwiedzania ko\u015bcio\u0142a to p\u00f3\u0142 godziny. Idziemy powoli zachwycaj\u0105c si\u0119 barokowym wystrojem \u015bwi\u0105tynni, ale wzrok jako\u015b mimowolnie kieruje si\u0119 ku g\u00f3rze. Pewnie taki by\u0142 zamys\u0142 architekt\u00f3w \u017ceby oczy wiernych kierowa\u0142y si\u0119 ku niebu, kt\u00f3re tu wyobra\u017ca przepi\u0119kne sklepienie. Dzie\u0144 jest pochmurny mimo to \u015bwiat\u0142o padaj\u0105ce przez ogromne okna wsp\u00f3\u0142gra z o\u015bwietleniem elektrycznym i tworzy niesamowit\u0105 atmosfer\u0119 kontemplacji. Zw\u0142aszcza p\u00f3\u0142nocne, rami\u0119 transeptu z pojedynczym, w\u0105skim, strzelistym filarem uznane zosta\u0142o za jedno z najpi\u0119kniejszych przestrzeni sakralnych w Polsce. Nie jeste\u015bmy przyt\u0142oczeni nadmiarem zdobie\u0144, wszystko jest harmonijne i stanowi sp\u00f3jn\u0105 ca\u0142o\u015b\u0107 zgodnie z surow\u0105 duchowo\u015bci\u0105 mistrz\u00f3w cysterskiej drogi, jak \u015bw. Benedykt, \u015bw. Robert z Molesme, czy \u015bw. Bernard z Clairvaux.<\/p>\n\n\n\n<figure class=\"wp-block-image size-full\"><img decoding=\"async\" width=\"623\" height=\"900\" src=\"http:\/\/okrok.fun\/wp-content\/uploads\/2024\/02\/IMG_1396.jpg1_.jpg\" alt=\"\" class=\"wp-image-1710\" srcset=\"http:\/\/okrok.fun\/wp-content\/uploads\/2024\/02\/IMG_1396.jpg1_.jpg 623w, http:\/\/okrok.fun\/wp-content\/uploads\/2024\/02\/IMG_1396.jpg1_-208x300.jpg 208w, http:\/\/okrok.fun\/wp-content\/uploads\/2024\/02\/IMG_1396.jpg1_-300x433.jpg 300w\" sizes=\"(max-width: 623px) 100vw, 623px\" \/><\/figure>\n\n\n\n<p>W kolejnych stuleciach opactwo rozwija\u0142o si\u0119 i rozrasta\u0142o pojawi\u0142y si\u0119 gotyckie i renesansowe stalle , na \u015bcianach powstawa\u0142y coraz to nowe malowid\u0142a. Jednym z go\u015bci klasztoru w roku 1622 by\u0142 kr\u00f3l Zygmunt III Waza, a w 1626 Karol Gustaw kr\u00f3l szwedzki, a tak\u017ce W\u0142adys\u0142aw IV w roku 1633. Mimo potopu szwedzkiego bazylkia nadal si\u0119 rozwija powstaj\u0105 na przyk\u0142ad wspania\u0142e organy i przepi\u0119kna ambona.<\/p>\n\n\n\n<figure class=\"wp-block-image size-full\"><img loading=\"lazy\" decoding=\"async\" width=\"665\" height=\"900\" src=\"http:\/\/okrok.fun\/wp-content\/uploads\/2024\/02\/IMG_1365.jpg1_.jpg\" alt=\"\" class=\"wp-image-1711\" srcset=\"http:\/\/okrok.fun\/wp-content\/uploads\/2024\/02\/IMG_1365.jpg1_.jpg 665w, http:\/\/okrok.fun\/wp-content\/uploads\/2024\/02\/IMG_1365.jpg1_-222x300.jpg 222w, http:\/\/okrok.fun\/wp-content\/uploads\/2024\/02\/IMG_1365.jpg1_-300x406.jpg 300w\" sizes=\"(max-width: 665px) 100vw, 665px\" \/><\/figure>\n\n\n\n<p>Ci\u0119\u017ckie czasy nadchodz\u0105 dopiero wraz z pierwszym rozbiorem Polski 1772 roku. Ostateczna kasata zakonu nast\u0105pi\u0142a w 1823 roku. Na ratunek zagro\u017conej ca\u0142kowit\u0105 degradacj\u0105 Bazylice przysz\u0142a jednak dwa lata wcze\u015bniejsza decyzja papie\u017ca Piusa VII o po\u0142\u0105czeniu diecezji che\u0142mi\u0144skiej z archidiakonatem pomorskim. W roku kasaty zakonu kanonicy na sw\u0105 now\u0105 siedzib\u0119 wybieraj\u0105 Pelplin. Bazylika staje si\u0119 tym samym katedr\u0105, a rok p\u00f3\u017aniej sprowadza si\u0119 tu biskup che\u0142mi\u0144ski. Pierwsza i druga wojna \u015bwiatowa nie doprowadzaj\u0105 do upadku i zniszczenia opactwa. Podczas ostrza\u0142u wypadaj\u0105 okna, a bomba, kt\u00f3ra wpad\u0142a do wn\u0119trza nie wybuch\u0142a. Hitlerowcy wymordowali wprawdzie wszystkich zakonnik\u00f3w, ale budynki przetrwa\u0142y i teraz mo\u017cemy je podziwia\u0107 w niewiele zmienionej formie. Mo\u017cemy nadal w zachwycie spogl\u0105da\u0107 ku g\u00f3rze, ku sklepieniom i dalej w Niebo.<\/p>\n\n\n\n<p>Po wi\u0119cej informacji zapraszam na <a href=\"https:\/\/bazylika-pelplin.pl\/\">https:\/\/bazylika-pelplin.pl\/<\/a><\/p>\n\n\n\n<figure class=\"wp-block-image size-full\"><img loading=\"lazy\" decoding=\"async\" width=\"1024\" height=\"683\" src=\"http:\/\/okrok.fun\/wp-content\/uploads\/2024\/02\/IMG_1376-1.jpg1_-1.jpg\" alt=\"\" class=\"wp-image-1712\" srcset=\"http:\/\/okrok.fun\/wp-content\/uploads\/2024\/02\/IMG_1376-1.jpg1_-1.jpg 1024w, http:\/\/okrok.fun\/wp-content\/uploads\/2024\/02\/IMG_1376-1.jpg1_-1-300x200.jpg 300w, http:\/\/okrok.fun\/wp-content\/uploads\/2024\/02\/IMG_1376-1.jpg1_-1-768x512.jpg 768w, http:\/\/okrok.fun\/wp-content\/uploads\/2024\/02\/IMG_1376-1.jpg1_-1-850x567.jpg 850w\" sizes=\"(max-width: 1024px) 100vw, 1024px\" \/><\/figure>\n\n\n\n<p>The old key creaked in the lock. The side doors of the main entrance to the cathedral basilica in Pelplin, dedicated to the Assumption of the Blessed Virgin Mary, opened. Darkness, silence. A few more steps and&#8230; shock, delight! Feelings are mixed. I don&#8217;t know what to say. It is best to remain silent in this silence filled with the effects of the craftsmanship of old masters. The gaze immediately goes up. We look at the starry vaults as if they were a starry sky and admire the enormity of the building and the perfection of the Creator. It is the second largest brick, Gothic church in Poland with the largest wooden altar in the country.<\/p>\n\n\n\n<figure class=\"wp-block-image size-full\"><img loading=\"lazy\" decoding=\"async\" width=\"600\" height=\"900\" src=\"http:\/\/okrok.fun\/wp-content\/uploads\/2024\/02\/IMG_1394.jpg1_.jpg\" alt=\"\" class=\"wp-image-1713\" srcset=\"http:\/\/okrok.fun\/wp-content\/uploads\/2024\/02\/IMG_1394.jpg1_.jpg 600w, http:\/\/okrok.fun\/wp-content\/uploads\/2024\/02\/IMG_1394.jpg1_-200x300.jpg 200w, http:\/\/okrok.fun\/wp-content\/uploads\/2024\/02\/IMG_1394.jpg1_-300x450.jpg 300w\" sizes=\"(max-width: 600px) 100vw, 600px\" \/><\/figure>\n\n\n\n<p>The history of this place begins in the 13th century when the Cistercians came to these lands in 1274 and started building their headquarters. The preparatory work took 20 years. It was only in 1300 that the actual construction of the monastery complex and the basilica began and lasted over 250 years. The cathedral itself was built by 1400. The church and its main altar were consecrated in 1476, and the side naves were covered with a roof around 1500.<\/p>\n\n\n\n<figure class=\"wp-block-image size-full\"><img loading=\"lazy\" decoding=\"async\" width=\"564\" height=\"900\" src=\"http:\/\/okrok.fun\/wp-content\/uploads\/2024\/02\/IMG_1405.jpg1_.jpg\" alt=\"\" class=\"wp-image-1716\" srcset=\"http:\/\/okrok.fun\/wp-content\/uploads\/2024\/02\/IMG_1405.jpg1_.jpg 564w, http:\/\/okrok.fun\/wp-content\/uploads\/2024\/02\/IMG_1405.jpg1_-188x300.jpg 188w, http:\/\/okrok.fun\/wp-content\/uploads\/2024\/02\/IMG_1405.jpg1_-300x479.jpg 300w\" sizes=\"(max-width: 564px) 100vw, 564px\" \/><\/figure>\n\n\n\n<p>The duration of the church visit is half an hour. We walk slowly, admiring the baroque decoration of the temple, but our eyes somehow involuntarily turn upwards. This was probably the architects&#8217; intention to direct the eyes of the faithful towards the sky, which here is represented by a beautiful vault. The day is cloudy, but the light shining through the huge windows harmonizes with the electric lighting and creates an amazing atmosphere of contemplation. Especially the northern arm of the transept with a single, narrow, soaring pillar was considered one of the most beautiful sacred spaces in Poland. We are not overwhelmed by excess decorations, everything is harmonious and constitutes a coherent whole in accordance with the strict spirituality of the masters of the Cistercian path, such as Saint. Benedict, Saint Robert of Molesme or St. Bernard of Clairvaux.<\/p>\n\n\n\n<figure class=\"wp-block-image size-full\"><img loading=\"lazy\" decoding=\"async\" width=\"1024\" height=\"594\" src=\"http:\/\/okrok.fun\/wp-content\/uploads\/2024\/02\/IMG_1392.jpg1_.jpg\" alt=\"\" class=\"wp-image-1714\" srcset=\"http:\/\/okrok.fun\/wp-content\/uploads\/2024\/02\/IMG_1392.jpg1_.jpg 1024w, http:\/\/okrok.fun\/wp-content\/uploads\/2024\/02\/IMG_1392.jpg1_-300x174.jpg 300w, http:\/\/okrok.fun\/wp-content\/uploads\/2024\/02\/IMG_1392.jpg1_-768x446.jpg 768w, http:\/\/okrok.fun\/wp-content\/uploads\/2024\/02\/IMG_1392.jpg1_-850x493.jpg 850w\" sizes=\"(max-width: 1024px) 100vw, 1024px\" \/><\/figure>\n\n\n\n<p>In the following centuries, the abbey developed and grew, Gothic and Renaissance stalls appeared, and new paintings were painted on the walls. One of the guests of the monastery in 1622 was King Sigismund III Vasa, and in 1626 Charles Gustaf, King of Sweden, and W\u0142adys\u0142aw IV in 1633. Despite the Swedish Deluge, the basilica continues to develop, for example, wonderful organs and a beautiful pulpit are being built.<\/p>\n\n\n\n<figure class=\"wp-block-image size-full\"><img loading=\"lazy\" decoding=\"async\" width=\"605\" height=\"900\" src=\"http:\/\/okrok.fun\/wp-content\/uploads\/2024\/02\/IMG_1404.jpg1_.jpg\" alt=\"\" class=\"wp-image-1715\" srcset=\"http:\/\/okrok.fun\/wp-content\/uploads\/2024\/02\/IMG_1404.jpg1_.jpg 605w, http:\/\/okrok.fun\/wp-content\/uploads\/2024\/02\/IMG_1404.jpg1_-202x300.jpg 202w, http:\/\/okrok.fun\/wp-content\/uploads\/2024\/02\/IMG_1404.jpg1_-300x446.jpg 300w\" sizes=\"(max-width: 605px) 100vw, 605px\" \/><\/figure>\n\n\n\n<p>Hard times came only with the first partition of Poland in 1772. The final dissolution of the order took place in 1823. However, the Basilica, which was at risk of complete degradation, was saved by Pope Pius VII&#8217;s decision two years earlier to merge the Che\u0142mno diocese with the Pomeranian archdeaconry. In the year of the dissolution of the order, the canons choose Pelplin as their new headquarters. The basilica thus becomes a cathedral, and a year later the bishop of Che\u0142mno comes here. The First and Second World Wars did not lead to the collapse and destruction of the abbey. The windows fell out during the shelling, but the bomb that fell inside did not explode. The Nazis murdered all the monks, but the buildings survived and now we can admire them in a slightly changed form. We can continue to look up in delight, towards the vaults and further into Heaven.<\/p>\n\n\n\n<p>For more information, please visit https:\/\/bazylika-pelplin.pl\/<\/p>\n","protected":false},"excerpt":{"rendered":"<p>Stary klucz zaskrzypia\u0142 w zamku. Otwar\u0142y si\u0119 boczne drzwi g\u0142\u00f3wnego wej\u015bcia do bazyliki katedralnej w Pelplinie pod wezwaniem Wniebowzi\u0119cia Naj\u015bwi\u0119tszej Maryi Panny. Mrok, cisza. Jeszcze kilka krok\u00f3w i\u2026 szok, zachwyt! Mieszaj\u0105 si\u0119 uczucia. Nie wiadomo co powiedzie\u0107. Najlepiej milcze\u0107 w tej ciszy przesyconej efektami kunsztu &nbsp;dawnych mistrz\u00f3w. Wzrok od razu w\u0119druje ku g\u00f3rze. Patrzymy na&#8230;<\/p>\n","protected":false},"author":1,"featured_media":1707,"comment_status":"open","ping_status":"open","sticky":false,"template":"","format":"standard","meta":{"footnotes":""},"categories":[12],"tags":[21,22,20,4,23],"class_list":["post-1706","post","type-post","status-publish","format-standard","has-post-thumbnail","hentry","category-koscioly","tag-bazylika","tag-kosciol","tag-pelplin","tag-polska","tag-pomorze"],"_links":{"self":[{"href":"http:\/\/okrok.fun\/index.php?rest_route=\/wp\/v2\/posts\/1706","targetHints":{"allow":["GET"]}}],"collection":[{"href":"http:\/\/okrok.fun\/index.php?rest_route=\/wp\/v2\/posts"}],"about":[{"href":"http:\/\/okrok.fun\/index.php?rest_route=\/wp\/v2\/types\/post"}],"author":[{"embeddable":true,"href":"http:\/\/okrok.fun\/index.php?rest_route=\/wp\/v2\/users\/1"}],"replies":[{"embeddable":true,"href":"http:\/\/okrok.fun\/index.php?rest_route=%2Fwp%2Fv2%2Fcomments&post=1706"}],"version-history":[{"count":2,"href":"http:\/\/okrok.fun\/index.php?rest_route=\/wp\/v2\/posts\/1706\/revisions"}],"predecessor-version":[{"id":1719,"href":"http:\/\/okrok.fun\/index.php?rest_route=\/wp\/v2\/posts\/1706\/revisions\/1719"}],"wp:featuredmedia":[{"embeddable":true,"href":"http:\/\/okrok.fun\/index.php?rest_route=\/wp\/v2\/media\/1707"}],"wp:attachment":[{"href":"http:\/\/okrok.fun\/index.php?rest_route=%2Fwp%2Fv2%2Fmedia&parent=1706"}],"wp:term":[{"taxonomy":"category","embeddable":true,"href":"http:\/\/okrok.fun\/index.php?rest_route=%2Fwp%2Fv2%2Fcategories&post=1706"},{"taxonomy":"post_tag","embeddable":true,"href":"http:\/\/okrok.fun\/index.php?rest_route=%2Fwp%2Fv2%2Ftags&post=1706"}],"curies":[{"name":"wp","href":"https:\/\/api.w.org\/{rel}","templated":true}]}}