{"id":214,"date":"2022-01-13T18:12:15","date_gmt":"2022-01-13T17:12:15","guid":{"rendered":"http:\/\/okrok.fun\/?p=214"},"modified":"2023-05-05T11:51:03","modified_gmt":"2023-05-05T09:51:03","slug":"upadla-architektura-broken-architecture","status":"publish","type":"post","link":"http:\/\/okrok.fun\/?p=214","title":{"rendered":"Upad\u0142a architektura\/Broken architecture. Tu pokazujemy i piszemy o zabytkach, kt\u00f3re spotka\u0142 smutny los. O tych kt\u00f3re ju\u017c dogorywaj\u0105, a tak\u017ce o tych , kt\u00f3re chyl\u0105 si\u0119 ku upadkowi. Z b\u00f3lem serca patrzymy jak ginie cz\u0105stka naszej kultury."},"content":{"rendered":"\n<p class=\"has-text-align-left\"><mark style=\"background-color:rgba(0, 0, 0, 0)\" class=\"has-inline-color has-vivid-red-color\">Zaborowo.<\/mark><\/p>\n\n\n\n<figure class=\"wp-block-image size-full\"><img fetchpriority=\"high\" decoding=\"async\" width=\"1024\" height=\"683\" src=\"http:\/\/okrok.fun\/wp-content\/uploads\/2023\/05\/IMG_0033-1.jpg1_-1.jpg\" alt=\"\" class=\"wp-image-1542\" srcset=\"http:\/\/okrok.fun\/wp-content\/uploads\/2023\/05\/IMG_0033-1.jpg1_-1.jpg 1024w, http:\/\/okrok.fun\/wp-content\/uploads\/2023\/05\/IMG_0033-1.jpg1_-1-300x200.jpg 300w, http:\/\/okrok.fun\/wp-content\/uploads\/2023\/05\/IMG_0033-1.jpg1_-1-768x512.jpg 768w, http:\/\/okrok.fun\/wp-content\/uploads\/2023\/05\/IMG_0033-1.jpg1_-1-850x567.jpg 850w\" sizes=\"(max-width: 1024px) 100vw, 1024px\" \/><\/figure>\n\n\n\n<p>Ci\u0119\u017cko si\u0119 przedosta\u0107 przez chaszcze w maju. Pokrzywy, je\u017cyny, zaro\u015bla uniemo\u017cliwiaj\u0105 dotarcie do budynku. Zielono\u015b\u0107 zakrywa go w wi\u0119kszym procencie tak, \u017ce z drogi jest s\u0142abo widoczny. W dawnym parku kwitn\u0105 kasztany. Nad wszystkim g\u00f3ruje wie\u017cyczka ciekawie zwie\u0144czona kopu\u0142\u0105. \u00a0Reszta to ruina podparta wewn\u0105trz drewnianymi \u017cerdziami. Pocz\u0105tki dworu datuj\u0105 si\u0119 na ostatnie lata XIX wieku. Wtedy na polecenie Hermanna Senftlebena, w\u0142a\u015bciciela wsi w latach 1882\u20131945 wybudowano obecny dw\u00f3r.<\/p>\n\n\n\n<div class=\"wp-block-media-text alignwide is-stacked-on-mobile\"><figure class=\"wp-block-media-text__media\"><video controls src=\"http:\/\/okrok.fun\/wp-content\/uploads\/2023\/05\/Zaborowo-2.mp4\"><\/video><\/figure><div class=\"wp-block-media-text__content\">\n<p><\/p>\n<\/div><\/div>\n\n\n\n<p> To w\u0142a\u015bciwie tyle informacji nie wiemy kim by\u0142 w\u0142a\u015bciciel, co si\u0119 z nim sta\u0142o. Podobno jego rodzina kupi\u0142a ten maj\u0105tek od &nbsp;rodziny ksi\u0119dza Stanis\u0142awa Kostki Rymarkiewicza za po\u015brednictwem \u017cydowskiego kupca ze \u015aremu Samuela Mittwochana. Jak nale\u017cy s\u0105dzi\u0107 w\u0142o\u015bci t\u0119tni\u0142y \u017cyciem. Zapewne urz\u0105dzano bankiety, spotkania mo\u017ce nawet bale. Dzi\u015b przyroda wdziera si\u0119 we wszystkie k\u0105ty. Wcze\u015bniej pewnie wdarli si\u0119 szabrownicy nie pozostawiaj\u0105c nic z wyposa\u017cenia.<\/p>\n\n\n\n<figure class=\"wp-block-image size-full\"><img decoding=\"async\" width=\"617\" height=\"900\" src=\"http:\/\/okrok.fun\/wp-content\/uploads\/2023\/05\/IMG_9994.jpg1_.jpg\" alt=\"\" class=\"wp-image-1552\" srcset=\"http:\/\/okrok.fun\/wp-content\/uploads\/2023\/05\/IMG_9994.jpg1_.jpg 617w, http:\/\/okrok.fun\/wp-content\/uploads\/2023\/05\/IMG_9994.jpg1_-206x300.jpg 206w, http:\/\/okrok.fun\/wp-content\/uploads\/2023\/05\/IMG_9994.jpg1_-300x438.jpg 300w\" sizes=\"(max-width: 617px) 100vw, 617px\" \/><\/figure>\n\n\n\n<figure class=\"wp-block-image size-full\"><img decoding=\"async\" width=\"753\" height=\"900\" src=\"http:\/\/okrok.fun\/wp-content\/uploads\/2023\/05\/IMG_0022.jpg1_.jpg\" alt=\"\" class=\"wp-image-1548\" srcset=\"http:\/\/okrok.fun\/wp-content\/uploads\/2023\/05\/IMG_0022.jpg1_.jpg 753w, http:\/\/okrok.fun\/wp-content\/uploads\/2023\/05\/IMG_0022.jpg1_-251x300.jpg 251w, http:\/\/okrok.fun\/wp-content\/uploads\/2023\/05\/IMG_0022.jpg1_-300x359.jpg 300w\" sizes=\"(max-width: 753px) 100vw, 753px\" \/><\/figure>\n\n\n\n<p> O dziwo zachowa\u0142y si\u0119 secesyjne drzwi wej\u015bciowe, oczywi\u015bcie w op\u0142akanym stanie, zgni\u0142e ramy okienne, kraty w piwnicznych oknach. Zdzicza\u0142y park. To wszystko i nawet nie ma historii tylko go\u0142e mury strasz\u0105 w ksi\u0119\u017cycowe noce.<\/p>\n\n\n\n<figure class=\"wp-block-image size-full\"><img loading=\"lazy\" decoding=\"async\" width=\"600\" height=\"900\" src=\"http:\/\/okrok.fun\/wp-content\/uploads\/2023\/05\/IMG_0016.jpg1_.jpg\" alt=\"\" class=\"wp-image-1549\" srcset=\"http:\/\/okrok.fun\/wp-content\/uploads\/2023\/05\/IMG_0016.jpg1_.jpg 600w, http:\/\/okrok.fun\/wp-content\/uploads\/2023\/05\/IMG_0016.jpg1_-200x300.jpg 200w, http:\/\/okrok.fun\/wp-content\/uploads\/2023\/05\/IMG_0016.jpg1_-300x450.jpg 300w\" sizes=\"(max-width: 600px) 100vw, 600px\" \/><\/figure>\n\n\n\n<p>It&#8217;s hard to get through the thickets in May. Nettles, blackberries, bushes make it impossible to reach the building. Greenery covers it in a greater percentage so that it is hardly visible from the road. Chestnut trees are blooming in the former park. Above everything there is a turret interestingly topped with a dome. The rest is a ruin supported inside by wooden poles. The origins of the manor date back to the last years of the 19th century. <\/p>\n\n\n\n<figure class=\"wp-block-image size-full\"><img loading=\"lazy\" decoding=\"async\" width=\"618\" height=\"900\" src=\"http:\/\/okrok.fun\/wp-content\/uploads\/2023\/05\/IMG_0015.jpg1_.jpg\" alt=\"\" class=\"wp-image-1550\" srcset=\"http:\/\/okrok.fun\/wp-content\/uploads\/2023\/05\/IMG_0015.jpg1_.jpg 618w, http:\/\/okrok.fun\/wp-content\/uploads\/2023\/05\/IMG_0015.jpg1_-206x300.jpg 206w, http:\/\/okrok.fun\/wp-content\/uploads\/2023\/05\/IMG_0015.jpg1_-300x437.jpg 300w\" sizes=\"(max-width: 618px) 100vw, 618px\" \/><\/figure>\n\n\n\n<p>Then, on the order of Hermann Senftleben, the owner of the village in the years 1882-1945, the present manor house was built. That&#8217;s actually so much information, we don&#8217;t know who the owner was, what happened to him. Supposedly, his family bought the property from the family of priest Stanis\u0142aw Kostka Rymarkiewicz through a Jewish merchant from \u015arem, Samuel Mittwochan. As it should be believed, the estates were teeming with life. Probably banquets were organized, meetings maybe even balls. <\/p>\n\n\n\n<figure class=\"wp-block-image size-full\"><img loading=\"lazy\" decoding=\"async\" width=\"601\" height=\"900\" src=\"http:\/\/okrok.fun\/wp-content\/uploads\/2023\/05\/IMG_0035.jpg1_.jpg\" alt=\"\" class=\"wp-image-1551\" srcset=\"http:\/\/okrok.fun\/wp-content\/uploads\/2023\/05\/IMG_0035.jpg1_.jpg 601w, http:\/\/okrok.fun\/wp-content\/uploads\/2023\/05\/IMG_0035.jpg1_-200x300.jpg 200w, http:\/\/okrok.fun\/wp-content\/uploads\/2023\/05\/IMG_0035.jpg1_-300x449.jpg 300w\" sizes=\"(max-width: 601px) 100vw, 601px\" \/><\/figure>\n\n\n\n<p>Today, nature invades all corners. Looters must have broken in earlier, leaving nothing of the equipment. Surprisingly, the Art Nouveau entrance door has been preserved, obviously in a deplorable state, rotten window frames, bars in the basement windows. Wild park. That&#8217;s all and there is no history, only bare walls scare on moonlit nights.<\/p>\n\n\n\n<figure class=\"wp-block-image size-full\"><img loading=\"lazy\" decoding=\"async\" width=\"738\" height=\"900\" src=\"http:\/\/okrok.fun\/wp-content\/uploads\/2023\/05\/IMG_0041.jpg1_.jpg\" alt=\"\" class=\"wp-image-1553\" srcset=\"http:\/\/okrok.fun\/wp-content\/uploads\/2023\/05\/IMG_0041.jpg1_.jpg 738w, http:\/\/okrok.fun\/wp-content\/uploads\/2023\/05\/IMG_0041.jpg1_-246x300.jpg 246w, http:\/\/okrok.fun\/wp-content\/uploads\/2023\/05\/IMG_0041.jpg1_-300x366.jpg 300w\" sizes=\"(max-width: 738px) 100vw, 738px\" \/><\/figure>\n\n\n\n<p><\/p>\n\n\n\n<p><strong><mark style=\"background-color:rgba(0, 0, 0, 0)\" class=\"has-inline-color has-vivid-red-color\">Dw\u00f3r Estery Wierusz Kowalskie w Esterpolu.<\/mark><\/strong><\/p>\n\n\n\n<figure class=\"wp-block-image size-full\"><img loading=\"lazy\" decoding=\"async\" width=\"1024\" height=\"683\" src=\"http:\/\/okrok.fun\/wp-content\/uploads\/2023\/04\/001.jpg\" alt=\"\" class=\"wp-image-1499\" srcset=\"http:\/\/okrok.fun\/wp-content\/uploads\/2023\/04\/001.jpg 1024w, http:\/\/okrok.fun\/wp-content\/uploads\/2023\/04\/001-300x200.jpg 300w, http:\/\/okrok.fun\/wp-content\/uploads\/2023\/04\/001-768x512.jpg 768w, http:\/\/okrok.fun\/wp-content\/uploads\/2023\/04\/001-850x567.jpg 850w\" sizes=\"(max-width: 1024px) 100vw, 1024px\" \/><\/figure>\n\n\n\n<p>Esterpole wie\u015b po\u0142o\u017cona w wojew\u00f3dztwie wielkopolskie, w powiecie \u015bremskim, w gminie Brodnia. Nazwa wywodzi si\u0119 od imienia drugiej \u017cony J\u00f3zefa Rufina Wybickiego i tu zaczyna si\u0119 historia! Wybicki pozna\u0142 swoja wybrank\u0119 w pa\u0142acu Franciszka Rostworowskiego w We\u0142nie kiedy ta mia\u0142a pi\u0119tna\u015bcie lat. Mieszka\u0142a tam wraz matk\u0105 by\u0142a siostrzenic\u0105 pani domu. <\/p>\n\n\n\n<figure class=\"wp-block-image size-full\"><img loading=\"lazy\" decoding=\"async\" width=\"617\" height=\"900\" src=\"http:\/\/okrok.fun\/wp-content\/uploads\/2023\/04\/003.jpg\" alt=\"\" class=\"wp-image-1500\" srcset=\"http:\/\/okrok.fun\/wp-content\/uploads\/2023\/04\/003.jpg 617w, http:\/\/okrok.fun\/wp-content\/uploads\/2023\/04\/003-206x300.jpg 206w, http:\/\/okrok.fun\/wp-content\/uploads\/2023\/04\/003-300x438.jpg 300w\" sizes=\"(max-width: 617px) 100vw, 617px\" \/><\/figure>\n\n\n\n<p>Wybicki ztrzymywa\u0142 si\u0119 w We\u0142nie wracaj\u0105c ze swoich politycznych woja\u017cy. W roku 1780 o\u015bwiadczy\u0142 si\u0119 Esterze i o\u015bwiadczyny zosta\u0142y przyj\u0119te. Po \u015blubie, kt\u00f3ry odby\u0142 si\u0119 w ko\u015bci\u00f3\u0142ku w We\u0142nie \u2013 nie zmienionym do dzi\u015b, w roku 1780 jedenastego wrze\u015bnia pa\u0144stwo m\u0142odzi przenie\u015bli si\u0119 do Manieczek, a p\u00f3\u017aniej J\u00f3zef zakupi\u0142 dla Estery wie\u015b Przylepskie Or\u0119by i zmieni\u0142 nazw\u0119 na Esterpole na cze\u015b\u0107 \u017cony. <\/p>\n\n\n\n<figure class=\"wp-block-image size-full\"><img loading=\"lazy\" decoding=\"async\" width=\"1024\" height=\"608\" src=\"http:\/\/okrok.fun\/wp-content\/uploads\/2023\/04\/005.jpg\" alt=\"\" class=\"wp-image-1501\" srcset=\"http:\/\/okrok.fun\/wp-content\/uploads\/2023\/04\/005.jpg 1024w, http:\/\/okrok.fun\/wp-content\/uploads\/2023\/04\/005-300x178.jpg 300w, http:\/\/okrok.fun\/wp-content\/uploads\/2023\/04\/005-768x456.jpg 768w, http:\/\/okrok.fun\/wp-content\/uploads\/2023\/04\/005-850x505.jpg 850w\" sizes=\"(max-width: 1024px) 100vw, 1024px\" \/><\/figure>\n\n\n\n<p>Wybudowa\u0142 tam dworek, kt\u00f3ry istnieje do dzi\u015b, ale powoli chyli si\u0119 ku upadkowi. Kto\u015b zajmuje cz\u0119\u015b\u0107 dworu na mieszkanie. Nie uda\u0142o mi si\u0119 z nim skontaktowa\u0107. Dworek mie\u015bci si\u0119 przy samej drodze, ale jest otoczony ro\u015blinno\u015bci\u0105 i mo\u017cna go nie zauwa\u017cy\u0107 przeje\u017cd\u017caj\u0105c. Tu Wybicki sprowadzi\u0142 nowych osadnik\u00f3w z Niemiec, Pomorza i \u015al\u0105ska. Dzi\u015b powoli znika historia wspania\u0142ego ma\u0142\u017ce\u0144stwa, bo znikaj\u0105 \u015blady po nich. Dw\u00f3r niszczeje, a pami\u0119\u0107 zaciera si\u0119 wraz z up\u0142ywem czasu, a\u017c \u017cal patrze\u0107.<\/p>\n\n\n\n<figure class=\"wp-block-image size-full\"><img loading=\"lazy\" decoding=\"async\" width=\"1024\" height=\"669\" src=\"http:\/\/okrok.fun\/wp-content\/uploads\/2023\/04\/007.jpg\" alt=\"\" class=\"wp-image-1502\" srcset=\"http:\/\/okrok.fun\/wp-content\/uploads\/2023\/04\/007.jpg 1024w, http:\/\/okrok.fun\/wp-content\/uploads\/2023\/04\/007-300x196.jpg 300w, http:\/\/okrok.fun\/wp-content\/uploads\/2023\/04\/007-768x502.jpg 768w, http:\/\/okrok.fun\/wp-content\/uploads\/2023\/04\/007-350x230.jpg 350w, http:\/\/okrok.fun\/wp-content\/uploads\/2023\/04\/007-850x555.jpg 850w\" sizes=\"(max-width: 1024px) 100vw, 1024px\" \/><\/figure>\n\n\n\n<p>Esterpole is a village located in the Greater Poland Voivodeship, in the \u015arem District, in the Brodnia Commune. The name comes from the name of the second wife of J\u00f3zef Rufin Wybicki and this is where the story begins! Wybicki met his bride in Franciszek Rostworowski&#8217;s palace in We\u0142na when she was fifteen. She lived there with her mother, she was the niece of the lady of the house. Wybicki stayed in We\u0142na on his way back from his political trips. In 1780 he proposed to Esther and the proposal was accepted. After the wedding, which took place in a church in We\u0142no &#8211; unchanged to this day, in 1780, on September 11, the bride and groom moved to Manieczki, and later J\u00f3zef bought the village of Przylepskie Or\u0119by for Estera and changed its name to Esterpole in honor of his wife. He built a manor house there, which still exists today, but is slowly falling into disrepair. Someone is occupying part of the manor for housing. <\/p>\n\n\n\n<figure class=\"wp-block-image size-full\"><img loading=\"lazy\" decoding=\"async\" width=\"998\" height=\"577\" src=\"http:\/\/okrok.fun\/wp-content\/uploads\/2023\/04\/002-1.jpg\" alt=\"\" class=\"wp-image-1503\" srcset=\"http:\/\/okrok.fun\/wp-content\/uploads\/2023\/04\/002-1.jpg 998w, http:\/\/okrok.fun\/wp-content\/uploads\/2023\/04\/002-1-300x173.jpg 300w, http:\/\/okrok.fun\/wp-content\/uploads\/2023\/04\/002-1-768x444.jpg 768w, http:\/\/okrok.fun\/wp-content\/uploads\/2023\/04\/002-1-850x491.jpg 850w\" sizes=\"(max-width: 998px) 100vw, 998px\" \/><\/figure>\n\n\n\n<p>I haven&#8217;t been able to contact him. The manor house is located by the road, but it is surrounded by vegetation and you can not notice it when passing by. Here Wybicki brought new settlers from Germany, Pomerania and Silesia. Today, the history of a wonderful marriage is slowly disappearing, because the traces of them are disappearing. The manor is decaying, and the memory fades with the passage of time, it&#8217;s sad to watch.<\/p>\n\n\n\n<p>D\u0119bno.<\/p>\n\n\n\n<p>Ma\u0142a miejscowo\u015b\u0107 w zakolu Warty w pobli\u017cu Nowego Miasta nad Wart\u0105. Pierwsze wzmianki o D\u0119nie mamy ju\u017c 1241 roku kiedy to w\u0142a\u015bcicielami wsi by\u0142 r\u00f3d Doliw\u00f3w nosz\u0105cy przydomek Kot. Jego najs\u0142ynniejszym przedstawicielem by\u0142 Wincenty Kot (1395-1448), kanonik gnie\u017anie\u0144ski i&nbsp;pozna\u0144ski, kanclerz kapitulny, i nauczyciel dzieci W\u0142adys\u0142awa Jagie\u0142\u0142y. W D\u0119bnie do dzi\u015b przetrwa\u0142 ko\u015bci\u00f3\u0142, o nim kiedy indziej i ruiny dworu, Niestety tylko ruiny cho\u0107 za\u0142o\u017cenie architektoniczne wygl\u0105da bardzo ciekawie i na pewno mo\u017cna by doprowadzi\u0107 wszystko do stanu u\u017cywalno\u015bci. Historia miejsca jest bardzo ciekawa. Dw\u00f3r by\u0142 w\u0142asno\u015bci\u0105 Mycielskich to zawita\u0142 w 1831 Adam Mickiewicz. P\u00f3\u017aniej ok 1845roku Hrabia Stanis\u0142aw Mycielski przekszta\u0142ci\u0142 wie\u015b w uzdrowisko. Leczy\u0142o si\u0119 tu wiele znanych osobisto\u015bci. ojciec Wis\u0142awy Szymborskiej, miejsce to odwiedzi\u0142 tak\u017ce skrzypek Apolinary K\u0105tski, krakowski poeta W\u0142adys\u0142aw Syrokomla i Ryszard Berwi\u0144ski. Przebudowano nawt spichlerz na zak\u0142ad wodoleczniczy, a wod\u0119 z okolicznych \u017ar\u00f3de\u0142 dostarcza\u0142y drewniane rury.<\/p>\n\n\n\n<figure class=\"wp-block-image size-full\"><img loading=\"lazy\" decoding=\"async\" width=\"1024\" height=\"683\" src=\"http:\/\/okrok.fun\/wp-content\/uploads\/2023\/01\/IMG_9532-1.jpg\" alt=\"\" class=\"wp-image-1419\" srcset=\"http:\/\/okrok.fun\/wp-content\/uploads\/2023\/01\/IMG_9532-1.jpg 1024w, http:\/\/okrok.fun\/wp-content\/uploads\/2023\/01\/IMG_9532-1-300x200.jpg 300w, http:\/\/okrok.fun\/wp-content\/uploads\/2023\/01\/IMG_9532-1-768x512.jpg 768w, http:\/\/okrok.fun\/wp-content\/uploads\/2023\/01\/IMG_9532-1-850x567.jpg 850w\" sizes=\"(max-width: 1024px) 100vw, 1024px\" \/><\/figure>\n\n\n\n<p>Kuracjusze mieli te\u017c do dyspozycji wspaniale urz\u0105dzony park z altank\u0105, mostkami, kr\u0119gielni\u0105, fontann\u0105 czy neogotyckim budynkiem z czytelni\u0105.<\/p>\n\n\n\n<p>W 1862 Mycielscy sprzedali dobra, a nast\u0119pni w\u0142a\u015bciciele nie byli zainteresowani prowadzeniem uzdrowiska. W latach mi\u0119dzywojennych maj\u0105tek nale\u017ca\u0142 do rodziny Cohn\u00f3w a wcze\u015bniej do Gustawa Carlsta. Paul (lub Goetze, \u017ar\u00f3d\u0142a r\u00f3\u017cnie podaj\u0105) Cohn kupi\u0142 maj\u0105tek D\u0119bno od Mycielskich.&nbsp;C\u00f3rka Cohn\u00f3w, kt\u00f3rzy byli rodzin\u0105 \u017cydowsko-niemieck\u0105,&nbsp;<strong>zdecydowa\u0142a si\u0119 w 1902 roku sprzeda\u0107 pa\u0142ac z parkiem panu Carlstowi, kt\u00f3ry dokona\u0142 kolejnej przebudowy obiektu w oko\u0142o 1910 roku.<\/strong><\/p>\n\n\n\n<figure class=\"wp-block-image size-full\"><img loading=\"lazy\" decoding=\"async\" width=\"589\" height=\"903\" src=\"http:\/\/okrok.fun\/wp-content\/uploads\/2023\/01\/IMG_9534.jpg\" alt=\"\" class=\"wp-image-1420\" srcset=\"http:\/\/okrok.fun\/wp-content\/uploads\/2023\/01\/IMG_9534.jpg 589w, http:\/\/okrok.fun\/wp-content\/uploads\/2023\/01\/IMG_9534-196x300.jpg 196w, http:\/\/okrok.fun\/wp-content\/uploads\/2023\/01\/IMG_9534-300x460.jpg 300w\" sizes=\"(max-width: 589px) 100vw, 589px\" \/><\/figure>\n\n\n\n<p><strong>Pa\u0142ac dla rodziny bankiera powsta\u0142 w 1877 roku i cho\u0107 jak na pa\u0142ac jest niewielkim, czterobocznym, pi\u0119trowym budynkiem, jest on budowl\u0105 zjawiskow\u0105 pod wzgl\u0119dem architektonicznym.<\/strong><strong>&nbsp;<\/strong><\/p>\n\n\n\n<p>Wewn\u0105trz znajduje si\u0119 niewielki dziedziniec. Do pa\u0142acu znajduj\u0105cego si\u0119 w zapuszczonym parku nie ma drogi dojazdowej. Oficjalnie, nie mo\u017cna tam wej\u015b\u0107. Jednak \u015bmieci i ewidentne \u015blady wandalizmu \u015bwiadcz\u0105 o tym, \u017ce pa\u0142ac jest odwiedzany, raczej przez smakoszy tanich napoj\u00f3w wyskokowych. Cohnowie w parku zbudowali tak\u017ce muzeum w stylu greckiego antyku, w kt\u00f3rym podobno by\u0142a winda, s\u0142u\u017c\u0105ca do opuszczania pod pod\u0142og\u0119 kaplicy trumien zmar\u0142ych cz\u0142onk\u00f3w rodziny. Jest ono jednak tak doszcz\u0119tnie zrujnowane i spl\u0105drowane. Nie wiadomo, co sta\u0142o si\u0119 ze szcz\u0105tkami pochowanych tam os\u00f3b. Pa\u0142ac jest wysoko podpiwniczony, a na pi\u0119trze wszystkie okna s\u0105 arkadowe. Naro\u017ca budynku s\u0105 zaokr\u0105glone, a w fasadzie umieszczony jest ryzalit z gankiem. Zdaje si\u0119, \u017ce by\u0142o to g\u0142\u00f3wne wej\u015bcie do pa\u0142acu. Z drugiej strony budynku, z wa\u0142u, widoczny jest arkadowy portyk podtrzymuj\u0105cy taras. Wn\u0119trze pa\u0142acu, cho\u0107 obdarte do go\u0142ego muru ze wszystkiego, robi wra\u017cenie.&nbsp;<strong>Schody wiod\u0105ce na parter i pi\u0119tro biegn\u0105 wzd\u0142u\u017c atrium, czyli niewielkiego dziedzi\u0144ca wewn\u0105trz mur\u00f3w pa\u0142acu, kt\u00f3re wida\u0107 po prawej stronie.<\/strong><\/p>\n\n\n\n<figure class=\"wp-block-image size-full\"><img loading=\"lazy\" decoding=\"async\" width=\"600\" height=\"900\" src=\"http:\/\/okrok.fun\/wp-content\/uploads\/2023\/01\/IMG_9535.jpg\" alt=\"\" class=\"wp-image-1421\" srcset=\"http:\/\/okrok.fun\/wp-content\/uploads\/2023\/01\/IMG_9535.jpg 600w, http:\/\/okrok.fun\/wp-content\/uploads\/2023\/01\/IMG_9535-200x300.jpg 200w, http:\/\/okrok.fun\/wp-content\/uploads\/2023\/01\/IMG_9535-300x450.jpg 300w\" sizes=\"(max-width: 600px) 100vw, 600px\" \/><\/figure>\n\n\n\n<p><strong>Po wojnie pa\u0142ac przeszed\u0142 na skarb pa\u0144stwa i by\u0142y tam mieszkania pracownicze. <\/strong>P\u00f3\u017aniej wykupi\u0142a go jaroci\u0144ska fabryka obrabiarek,&nbsp;<strong>gdzie mia\u0142 powsta\u0107 o\u015brodek rekreacyjny dla pracownik\u00f3w. W latach 90 tych dw\u00f3r sprzedano prywatnemu w\u0142a\u015bcicielowi, kt\u00f3ry oczywi\u015bcie nie zadba\u0142 o nic. Sprzeda\u0142 swoje dobra kolejnemu prywatnemu w\u0142a\u015bcicielowi, kt\u00f3ry doprowadza pa\u0142ac do kompletnej ruiny. I tak dalej kolejni wsp\u00f3\u0142cze\u015bni magnaci niszcz\u0105 nasze dobro narodowe, a jest to pi\u0119kne miejsce w otoczeniu bujnej przyrody.<\/strong><strong><\/strong><\/p>\n\n\n\n<p>D\u0119bno.<\/p>\n\n\n\n<p>A small town in the bend of the Warta near Nowe Miasto on the Warta River. The first mention of D\u0119na dates back to 1241, when the village was owned by the Doliwa family, nicknamed Kot. Its most famous representative was Wincenty Kot (1395-1448), canon of Gniezno and Pozna\u0144, chancellor of the chapter, and teacher of W\u0142adys\u0142aw Jagie\u0142\u0142o&#8217;s children. In D\u0119bno, a church has survived to this day, more about it later, and the ruins of the manor house. Unfortunately, only ruins, although the architectural layout looks very interesting and certainly everything could be made usable. The history of the place is very interesting. The manor house was owned by the Mycielski family, and Adam Mickiewicz arrived in 1831. Later, around 1845, Count Stanis\u0142aw Mycielski transformed the village into a health resort. Many famous personalities have been treated here. Wis\u0142awa Szymborska&#8217;s father, the place was also visited by the violinist Apolinary K\u0105tski, the Krakow poet W\u0142adys\u0142aw Syrokomla and Ryszard Berwi\u0144ski. Even the granary was rebuilt into a hydrotherapy facility, and water from nearby springs was supplied by wooden pipes.<\/p>\n\n\n\n<figure class=\"wp-block-image size-full\"><img loading=\"lazy\" decoding=\"async\" width=\"600\" height=\"900\" src=\"http:\/\/okrok.fun\/wp-content\/uploads\/2023\/01\/IMG_9537.jpg\" alt=\"\" class=\"wp-image-1422\" srcset=\"http:\/\/okrok.fun\/wp-content\/uploads\/2023\/01\/IMG_9537.jpg 600w, http:\/\/okrok.fun\/wp-content\/uploads\/2023\/01\/IMG_9537-200x300.jpg 200w, http:\/\/okrok.fun\/wp-content\/uploads\/2023\/01\/IMG_9537-300x450.jpg 300w\" sizes=\"(max-width: 600px) 100vw, 600px\" \/><\/figure>\n\n\n\n<p>The patients also had at their disposal a wonderfully arranged park with a gazebo, bridges, a bowling alley, a fountain and a neo-gothic building with a reading room.<\/p>\n\n\n\n<p>In 1862, the Mycielskis sold the property, and the next owners were not interested in running the spa. In the interwar years, the property belonged to the Cohn family and earlier to Gustaw Carlst. Paul (or Goetze, according to different sources) Cohn bought the D\u0119bno estate from the Mycielski family. The daughter of the Cohns, who were a Jewish-German family, decided in 1902 to sell the palace with the park to Mr. Carlst, who made another reconstruction of the building around 1910.<\/p>\n\n\n\n<figure class=\"wp-block-image size-full\"><img loading=\"lazy\" decoding=\"async\" width=\"637\" height=\"900\" src=\"http:\/\/okrok.fun\/wp-content\/uploads\/2023\/01\/IMG_9540.jpg\" alt=\"\" class=\"wp-image-1423\" srcset=\"http:\/\/okrok.fun\/wp-content\/uploads\/2023\/01\/IMG_9540.jpg 637w, http:\/\/okrok.fun\/wp-content\/uploads\/2023\/01\/IMG_9540-212x300.jpg 212w, http:\/\/okrok.fun\/wp-content\/uploads\/2023\/01\/IMG_9540-300x424.jpg 300w\" sizes=\"(max-width: 637px) 100vw, 637px\" \/><\/figure>\n\n\n\n<p>The palace for the banker&#8217;s family was built in 1877, and although it is a small, four-sided, two-story building for a palace, it is a phenomenal building in terms of architecture.<\/p>\n\n\n\n<p>Inside there is a small courtyard. There is no access road to the palace located in a neglected park. Officially, you can&#8217;t go in there. However, garbage and obvious signs of vandalism prove that the palace is visited, rather, by connoisseurs of cheap alcoholic beverages. The Cohns also built a museum in the style of Greek antiquity in the park, which reportedly had an elevator used to lower the coffins of deceased family members to the floor of the chapel. But it is so completely ruined and plundered. It is not known what happened to the remains of the people buried there. The palace has a high basement, and all the windows on the first floor are arcaded. The corners of the building are rounded, and the fa\u00e7ade features a projection with a porch. This seems to have been the main entrance to the palace. On the other side of the building, from the embankment, an arcaded portico supporting a terrace is visible. The interior of the palace, although stripped of everything, is impressive. The stairs leading to the ground floor and first floor run along the atrium, which is a small courtyard inside the walls of the palace, which can be seen on the right.<\/p>\n\n\n\n<figure class=\"wp-block-image size-full\"><img loading=\"lazy\" decoding=\"async\" width=\"1024\" height=\"683\" src=\"http:\/\/okrok.fun\/wp-content\/uploads\/2023\/01\/IMG_9541.jpg\" alt=\"\" class=\"wp-image-1424\" srcset=\"http:\/\/okrok.fun\/wp-content\/uploads\/2023\/01\/IMG_9541.jpg 1024w, http:\/\/okrok.fun\/wp-content\/uploads\/2023\/01\/IMG_9541-300x200.jpg 300w, http:\/\/okrok.fun\/wp-content\/uploads\/2023\/01\/IMG_9541-768x512.jpg 768w, http:\/\/okrok.fun\/wp-content\/uploads\/2023\/01\/IMG_9541-850x567.jpg 850w\" sizes=\"(max-width: 1024px) 100vw, 1024px\" \/><\/figure>\n\n\n\n<p>After the war, the palace was transferred to the state treasury and there were employees&#8217; apartments. Later, it was bought by the machine tool factory in Jarocin, where a recreation center for employees was to be built. In the 1990s, the manor was sold to a private owner who, of course, did not take care of anything. He sold his goods to another private owner who is driving the palace to a complete ruin. And so on, successive modern magnates are destroying our national good, and this is a beautiful place surrounded by lush nature.<\/p>\n\n\n\n<p><mark style=\"background-color:rgba(0, 0, 0, 0)\" class=\"has-inline-color has-vivid-red-color\"><strong>Dw\u00f3r we Wronczynie, woj. wielkopolskie.<\/strong><\/mark><\/p>\n\n\n\n<p>Pierwsze \u015blady osadnictwa na tych ziemiach to III wiek naszej ery, a wzamianki pisemne datuj\u0105 si\u0119 na rok 1136. Dobra nale\u017ca\u0142y wtedy do Poraj\u00f3w, a p\u00f3\u017aniej \u0141odzi\u00f3w. W XIX wieku maj\u0105tek naby\u0142a rodzina Falkenhaym\u00f3w. W roku 1899 wszystko odkupi\u0142 Tadeusz Kryspin Jackowski. <\/p>\n\n\n\n<figure class=\"wp-block-image size-full\"><img loading=\"lazy\" decoding=\"async\" width=\"1024\" height=\"620\" src=\"http:\/\/okrok.fun\/wp-content\/uploads\/2022\/07\/IMG_7993.jpg1_.jpg\" alt=\"\" class=\"wp-image-1078\" srcset=\"http:\/\/okrok.fun\/wp-content\/uploads\/2022\/07\/IMG_7993.jpg1_.jpg 1024w, http:\/\/okrok.fun\/wp-content\/uploads\/2022\/07\/IMG_7993.jpg1_-300x182.jpg 300w, http:\/\/okrok.fun\/wp-content\/uploads\/2022\/07\/IMG_7993.jpg1_-768x465.jpg 768w, http:\/\/okrok.fun\/wp-content\/uploads\/2022\/07\/IMG_7993.jpg1_-850x515.jpg 850w\" sizes=\"(max-width: 1024px) 100vw, 1024px\" \/><\/figure>\n\n\n\n<p>Przebudowa\u0142 dw\u00f3r i nada\u0142 mu form\u0119 neobarokow\u0105. Jackowski mieszka\u0142 tu z \u017con\u0105 Paul\u0105 de domo Ch\u0142apowsk\u0105 i pi\u0105tk\u0105 dzieci. Nast\u0119pnie dziedzicem zosta\u0142 jego syn Tadeusz Gustaw \u2013 dyplomata w s\u0142u\u017cbie II RP. Jego \u017cona Anna Izydora z domu Schiller. <\/p>\n\n\n\n<figure class=\"wp-block-image size-full\"><img loading=\"lazy\" decoding=\"async\" width=\"593\" height=\"900\" src=\"http:\/\/okrok.fun\/wp-content\/uploads\/2022\/07\/IMG_7986.jpg1_.jpg\" alt=\"\" class=\"wp-image-1079\" srcset=\"http:\/\/okrok.fun\/wp-content\/uploads\/2022\/07\/IMG_7986.jpg1_.jpg 593w, http:\/\/okrok.fun\/wp-content\/uploads\/2022\/07\/IMG_7986.jpg1_-198x300.jpg 198w, http:\/\/okrok.fun\/wp-content\/uploads\/2022\/07\/IMG_7986.jpg1_-300x455.jpg 300w\" sizes=\"(max-width: 593px) 100vw, 593px\" \/><\/figure>\n\n\n\n<p>Dzi\u0119ki kontaktom pani domu bywali tu To tu go\u015bcili mi\u0119dzy innymi marsza\u0142ek Edward Rydz-\u015amig\u0142y, minister J\u00f3zef Beck, Artur Rubinstein, Ignacy Jan Paderewski, Jan Lecho\u0144, Kornel Makuszy\u0144ski, Juliusz Osterwa, Leon Schiller, Tadeusz Boy-\u017bele\u0144ski, Ryszard Ordy\u0144ski, J\u00f3zef Czajkowski. W czasie wojny maj\u0105tek zosta\u0142 zapiecz\u0119towany, a po wojnie powsta\u0142a tu szko\u0142a z mieszkaniami dla nauczycieli. Dzi\u015b podobno jest w r\u0119kach prywatnych. Kto\u015b tu mieszka, niestety nie uda\u0142o si\u0119 z nim porozmawia\u0107. Wok\u00f3\u0142 jest ba\u0142agan, pi\u0119kny niegdy\u015b park zarasta. Zosta\u0142a tylko ciekawa historia.<\/p>\n\n\n\n<figure class=\"wp-block-image size-full\"><img loading=\"lazy\" decoding=\"async\" width=\"1024\" height=\"683\" src=\"http:\/\/okrok.fun\/wp-content\/uploads\/2022\/07\/IMG_7985.jpg1_.jpg\" alt=\"\" class=\"wp-image-1080\" srcset=\"http:\/\/okrok.fun\/wp-content\/uploads\/2022\/07\/IMG_7985.jpg1_.jpg 1024w, http:\/\/okrok.fun\/wp-content\/uploads\/2022\/07\/IMG_7985.jpg1_-300x200.jpg 300w, http:\/\/okrok.fun\/wp-content\/uploads\/2022\/07\/IMG_7985.jpg1_-768x512.jpg 768w, http:\/\/okrok.fun\/wp-content\/uploads\/2022\/07\/IMG_7985.jpg1_-850x567.jpg 850w\" sizes=\"(max-width: 1024px) 100vw, 1024px\" \/><\/figure>\n\n\n\n<p>Manor house in Wronczyn, province Greater Poland.<\/p>\n\n\n\n<p>The first traces of settlement in these lands come from the 3rd century AD, and the written expressions date back to 1136. The goods then belonged to Poraj\u00f3w, and later to \u0141\u00f3d\u017a. In the 19th century, the property was purchased by the Falkenhaym family. In 1899 everything was bought by Tadeusz Kryspin Jackowski. He rebuilt the manor and gave it a neo-baroque form.<\/p>\n\n\n\n<figure class=\"wp-block-image size-full\"><img loading=\"lazy\" decoding=\"async\" width=\"1024\" height=\"683\" src=\"http:\/\/okrok.fun\/wp-content\/uploads\/2022\/07\/IMG_7996.jpg1_.jpg\" alt=\"\" class=\"wp-image-1081\" srcset=\"http:\/\/okrok.fun\/wp-content\/uploads\/2022\/07\/IMG_7996.jpg1_.jpg 1024w, http:\/\/okrok.fun\/wp-content\/uploads\/2022\/07\/IMG_7996.jpg1_-300x200.jpg 300w, http:\/\/okrok.fun\/wp-content\/uploads\/2022\/07\/IMG_7996.jpg1_-768x512.jpg 768w, http:\/\/okrok.fun\/wp-content\/uploads\/2022\/07\/IMG_7996.jpg1_-850x567.jpg 850w\" sizes=\"(max-width: 1024px) 100vw, 1024px\" \/><\/figure>\n\n\n\n<p>Jackowski lived here with his wife Paula de domo Ch\u0142apowska and five children. Then his son Tadeusz Gustaw &#8211; a diplomat in the service of the Second Polish Republic became heir. His wife Anna Izydora n\u00e9e Schiller. Thanks to the contacts of the lady of the house, the place was visited by, among others, Marshal Edward Rydz-\u015amig\u0142y, Minister J\u00f3zef Beck, Artur Rubinstein, Ignacy Jan Paderewski, Jan Lecho\u0144, Kornel Makuszy\u0144ski, Juliusz Osterwa, Leon Schiller, Tadeusz Boy-\u017bele\u0144ski, Ryszard Ordy\u0144ski, J\u00f3zef Czajkowski . <\/p>\n\n\n\n<figure class=\"wp-block-image size-full\"><img loading=\"lazy\" decoding=\"async\" width=\"1024\" height=\"664\" src=\"http:\/\/okrok.fun\/wp-content\/uploads\/2022\/07\/IMG_7992.jpg1_.jpg\" alt=\"\" class=\"wp-image-1082\" srcset=\"http:\/\/okrok.fun\/wp-content\/uploads\/2022\/07\/IMG_7992.jpg1_.jpg 1024w, http:\/\/okrok.fun\/wp-content\/uploads\/2022\/07\/IMG_7992.jpg1_-300x195.jpg 300w, http:\/\/okrok.fun\/wp-content\/uploads\/2022\/07\/IMG_7992.jpg1_-768x498.jpg 768w, http:\/\/okrok.fun\/wp-content\/uploads\/2022\/07\/IMG_7992.jpg1_-850x551.jpg 850w\" sizes=\"(max-width: 1024px) 100vw, 1024px\" \/><\/figure>\n\n\n\n<p>During the war, the property was sealed, and after the war, a school with flats for teachers was established here. Today it is said to be in private hands. Someone lives here, unfortunately we couldn&#8217;t talk to him. There is a mess around, the once beautiful park is overgrown. Only an interesting story remains.<\/p>\n\n\n\n<figure class=\"wp-block-image size-full\"><img loading=\"lazy\" decoding=\"async\" width=\"1024\" height=\"631\" src=\"http:\/\/okrok.fun\/wp-content\/uploads\/2022\/07\/IMG_8001.jpg1_.jpg\" alt=\"\" class=\"wp-image-1083\" srcset=\"http:\/\/okrok.fun\/wp-content\/uploads\/2022\/07\/IMG_8001.jpg1_.jpg 1024w, http:\/\/okrok.fun\/wp-content\/uploads\/2022\/07\/IMG_8001.jpg1_-300x185.jpg 300w, http:\/\/okrok.fun\/wp-content\/uploads\/2022\/07\/IMG_8001.jpg1_-768x473.jpg 768w, http:\/\/okrok.fun\/wp-content\/uploads\/2022\/07\/IMG_8001.jpg1_-850x524.jpg 850w\" sizes=\"(max-width: 1024px) 100vw, 1024px\" \/><\/figure>\n\n\n\n<p><mark style=\"background-color:rgba(0, 0, 0, 0)\" class=\"has-inline-color has-vivid-red-color\"><strong>Zesp\u00f3\u0142 pa\u0142acowy w Goszczu,<\/strong><\/mark> (woj. dolno\u015bl\u0105skie) to ruina powoli odradzaj\u0105ca si\u0119 do \u017cycia. Pa\u0142ac jest doszcz\u0119tnie zniszczony i ograbiony ze wszystkiego. Niemo\u017cliwo\u015bci\u0105 b\u0119dzie doprowadzenie go do stanu \u015bwietno\u015bci. Jest grupa zapale\u0144c\u00f3w, kt\u00f3ra stara si\u0119 przywr\u00f3ci\u0107 to miejsce do jako takiego stanu u\u017cywalno\u015bci, \u017ceby mo\u017cna by\u0142o tu zaprasza\u0107 turyst\u00f3w i snu\u0107 opowie\u015bci o dawnej \u015bwietno\u015bci pa\u0142acu, kt\u00f3ry w dawnych czasach dor\u00f3wnywa\u0142 rezydencjom europejskiej szlachty.<\/p>\n\n\n\n<p><\/p>\n\n\n\n<figure class=\"wp-block-image size-full\"><img loading=\"lazy\" decoding=\"async\" width=\"1024\" height=\"625\" src=\"http:\/\/okrok.fun\/wp-content\/uploads\/2022\/07\/IMG_7952.jpg1_.jpg\" alt=\"\" class=\"wp-image-1004\" srcset=\"http:\/\/okrok.fun\/wp-content\/uploads\/2022\/07\/IMG_7952.jpg1_.jpg 1024w, http:\/\/okrok.fun\/wp-content\/uploads\/2022\/07\/IMG_7952.jpg1_-300x183.jpg 300w, http:\/\/okrok.fun\/wp-content\/uploads\/2022\/07\/IMG_7952.jpg1_-768x469.jpg 768w, http:\/\/okrok.fun\/wp-content\/uploads\/2022\/07\/IMG_7952.jpg1_-850x519.jpg 850w\" sizes=\"(max-width: 1024px) 100vw, 1024px\" \/><\/figure>\n\n\n\n<p>Ale od pocz\u0105tku. Ju\u017c w XII wieku na tym miejscu sta\u0142 zamek, a dobra nale\u017ca\u0142y a\u017c do XVI wieku do biskup\u00f3w wroc\u0142awskich. M\u00f3wi o&nbsp;tym bulla papie\u017ca Adriana VI z&nbsp;1156&nbsp;roku. P\u00f3\u017aniej dobrami w\u0142ada\u0142a rodzina von Dohn. Nast\u0119pnie ziemie te zakupi\u0142 r\u00f3d von Reichenbach i w latach 1730 \u2013 1740 postawili na tym miejscu&nbsp;pa\u0142ac. Ju\u017c w roku 1749 pa\u0142ac doszcz\u0119tnie sp\u0142on\u0105\u0142. Nowa rezydencja, barokowo \u2013 rokokowa, powsta\u0142a w&nbsp;latach 1749 \u2013 1755. Ponownie przebudowano j\u0105 w&nbsp;latach 1886 \u2013 1888. A\u017c do drugiej wojny \u015bwiatowej r\u00f3d von&nbsp; Reichenbach mia\u0142 tu swe gniazdo rodowe. W sk\u0142ad zabudowa\u0144 wchodzi\u0142y:<\/p>\n\n\n\n<p><strong>\u2013 Pa\u0142ac<\/strong><\/p>\n\n\n\n<p>&#8211;<strong>&nbsp; dwa budynki \u0142\u0105cznikowe<br>\u2013 dwie oficyny \u2013 dawne domy go\u015bcinne<br>\u2013 oficyna mieszkalna<br>\u2013 stajnia koni wyjazdowych<br>\u2013 mane\u017c<br>\u2013 dom ogrodnika<br>\u2013 budynek bramny, obecnie dom nr&nbsp;63, z&nbsp;XVIII\/XIX w.<br>\u2013 dwa domy s\u0142u\u017cby pa\u0142acowej, z&nbsp;1760&nbsp;r.<br>\u2013 park<br>\u2013 ko\u015bci\u00f3\u0142 ewangelicki, murowany, wzniesiony w&nbsp;l. 1743-49 \u2013 XVIII &nbsp;obecnie ma wymieniony dach i okna.<\/strong><\/p>\n\n\n\n<figure class=\"wp-block-image size-full\"><img loading=\"lazy\" decoding=\"async\" width=\"1024\" height=\"619\" src=\"http:\/\/okrok.fun\/wp-content\/uploads\/2022\/07\/IMG_7930-1.jpg1_-1.jpg\" alt=\"\" class=\"wp-image-1007\" srcset=\"http:\/\/okrok.fun\/wp-content\/uploads\/2022\/07\/IMG_7930-1.jpg1_-1.jpg 1024w, http:\/\/okrok.fun\/wp-content\/uploads\/2022\/07\/IMG_7930-1.jpg1_-1-300x180.jpg 300w, http:\/\/okrok.fun\/wp-content\/uploads\/2022\/07\/IMG_7930-1.jpg1_-1-768x464.jpg 768w, http:\/\/okrok.fun\/wp-content\/uploads\/2022\/07\/IMG_7930-1.jpg1_-1-850x514.jpg 850w\" sizes=\"(max-width: 1024px) 100vw, 1024px\" \/><\/figure>\n\n\n\n<p>Dalsze losy zabudowa\u0144 dworskich mo\u017cna sobie wyobrazi\u0107 ogl\u0105daj\u0105c stan dzisiejszy. Stacjonowa\u0142y tu wojska sowieckie \u2013 wiemy co si\u0119 z tym wi\u0105\u017ce. Po wojnie wszystko przesz\u0142o pod jurysdykcj\u0119 w\u0142adz lokalnych. Co tylko da\u0142o si\u0119 wynie\u015b\u0107, wywie\u015b\u0107, odku\u0107 ze \u015bcian, zerwa\u0107 z pod\u0142\u00f3g zosta\u0142o rozkradzione, a pa\u0142ac w 1947 w wigilie Bo\u017cego Narodzenia zosta\u0142 podpalony. <\/p>\n\n\n\n<figure class=\"wp-block-image size-full\"><img loading=\"lazy\" decoding=\"async\" width=\"1024\" height=\"683\" src=\"http:\/\/okrok.fun\/wp-content\/uploads\/2022\/07\/IMG_7958.jpg1_.jpg\" alt=\"\" class=\"wp-image-1012\" srcset=\"http:\/\/okrok.fun\/wp-content\/uploads\/2022\/07\/IMG_7958.jpg1_.jpg 1024w, http:\/\/okrok.fun\/wp-content\/uploads\/2022\/07\/IMG_7958.jpg1_-300x200.jpg 300w, http:\/\/okrok.fun\/wp-content\/uploads\/2022\/07\/IMG_7958.jpg1_-768x512.jpg 768w, http:\/\/okrok.fun\/wp-content\/uploads\/2022\/07\/IMG_7958.jpg1_-850x567.jpg 850w\" sizes=\"(max-width: 1024px) 100vw, 1024px\" \/><\/figure>\n\n\n\n<p>Stropy si\u0119 zapad\u0142y. Parter zasypa\u0142 gruz, a wszystko to zaros\u0142o chwastami. W oficynach mieszka w fatalnych warunkach miejscowa ludno\u015b\u0107. Ale sprz\u0105taj\u0105c zgliszcza natrafiono na metalow\u0105 skrzyni\u0119 \u2013 skarb z Goszcza. Wszyscy z niecierpliwo\u015bci\u0105 czekaj\u0105 na jej otwarcie. Co zawiera? Zapewne tylko duchy dawnej \u015bwietno\u015bci. W 2012 roku zapada\u0142 decyzja o remoncie cz\u0119\u015bci zespo\u0142u pa\u0142acowego w Goszczu. <\/p>\n\n\n\n<figure class=\"wp-block-image size-full\"><img loading=\"lazy\" decoding=\"async\" width=\"1024\" height=\"683\" src=\"http:\/\/okrok.fun\/wp-content\/uploads\/2022\/07\/IMG_7966.jpg1_.jpg\" alt=\"\" class=\"wp-image-1019\" srcset=\"http:\/\/okrok.fun\/wp-content\/uploads\/2022\/07\/IMG_7966.jpg1_.jpg 1024w, http:\/\/okrok.fun\/wp-content\/uploads\/2022\/07\/IMG_7966.jpg1_-300x200.jpg 300w, http:\/\/okrok.fun\/wp-content\/uploads\/2022\/07\/IMG_7966.jpg1_-768x512.jpg 768w, http:\/\/okrok.fun\/wp-content\/uploads\/2022\/07\/IMG_7966.jpg1_-850x567.jpg 850w\" sizes=\"(max-width: 1024px) 100vw, 1024px\" \/><\/figure>\n\n\n\n<figure class=\"wp-block-image size-full\"><img loading=\"lazy\" decoding=\"async\" width=\"1024\" height=\"656\" src=\"http:\/\/okrok.fun\/wp-content\/uploads\/2022\/07\/IMG_7950-1.jpg1_-1.jpg\" alt=\"\" class=\"wp-image-1023\" srcset=\"http:\/\/okrok.fun\/wp-content\/uploads\/2022\/07\/IMG_7950-1.jpg1_-1.jpg 1024w, http:\/\/okrok.fun\/wp-content\/uploads\/2022\/07\/IMG_7950-1.jpg1_-1-300x192.jpg 300w, http:\/\/okrok.fun\/wp-content\/uploads\/2022\/07\/IMG_7950-1.jpg1_-1-768x492.jpg 768w, http:\/\/okrok.fun\/wp-content\/uploads\/2022\/07\/IMG_7950-1.jpg1_-1-850x545.jpg 850w\" sizes=\"(max-width: 1024px) 100vw, 1024px\" \/><\/figure>\n\n\n\n<p>Potomkowie rodu odwiedzili to miejsce w tym samym dniu co my. By\u0142a to wizyta prywatna i nie wypada\u0142o fotografowa\u0107 pa\u0144stwa von Reichenbach.<\/p>\n\n\n\n<figure class=\"wp-block-image size-full\"><img loading=\"lazy\" decoding=\"async\" width=\"600\" height=\"900\" src=\"http:\/\/okrok.fun\/wp-content\/uploads\/2022\/07\/IMG_7935.jpg1_.jpg\" alt=\"\" class=\"wp-image-1009\" srcset=\"http:\/\/okrok.fun\/wp-content\/uploads\/2022\/07\/IMG_7935.jpg1_.jpg 600w, http:\/\/okrok.fun\/wp-content\/uploads\/2022\/07\/IMG_7935.jpg1_-200x300.jpg 200w, http:\/\/okrok.fun\/wp-content\/uploads\/2022\/07\/IMG_7935.jpg1_-300x450.jpg 300w\" sizes=\"(max-width: 600px) 100vw, 600px\" \/><\/figure>\n\n\n\n<p>Ogrom za\u0142o\u017cenia pa\u0142acowego i dowody dawnej \u015bwietno\u015bci robi\u0105 wra\u017cenie, a stan dzisiejszy \u0142amie serce.<\/p>\n\n\n\n<figure class=\"wp-block-image size-full\"><img loading=\"lazy\" decoding=\"async\" width=\"586\" height=\"900\" src=\"http:\/\/okrok.fun\/wp-content\/uploads\/2022\/07\/IMG_7940.jpg1_.jpg\" alt=\"\" class=\"wp-image-1010\" srcset=\"http:\/\/okrok.fun\/wp-content\/uploads\/2022\/07\/IMG_7940.jpg1_.jpg 586w, http:\/\/okrok.fun\/wp-content\/uploads\/2022\/07\/IMG_7940.jpg1_-195x300.jpg 195w, http:\/\/okrok.fun\/wp-content\/uploads\/2022\/07\/IMG_7940.jpg1_-300x461.jpg 300w\" sizes=\"(max-width: 586px) 100vw, 586px\" \/><\/figure>\n\n\n\n<p>Dzi\u0119kujemy trzema ma\u0142ym dziewczynkom na wrotkach, kt\u00f3re skierowa\u0142y nas do w\u0142a\u015bciwej osoby i dzi\u0119ki temu mogli\u015bmy zapozna\u0107 si\u0119 z histori\u0105 i planami na przysz\u0142o\u015b\u0107 tego miejsca. Dzi\u0119kujemy Pani Ewie za moc fakt\u00f3w i ciekawostek o Goszczu.<\/p>\n\n\n\n<figure class=\"wp-block-image size-full\"><img loading=\"lazy\" decoding=\"async\" width=\"600\" height=\"900\" src=\"http:\/\/okrok.fun\/wp-content\/uploads\/2022\/07\/IMG_7965.jpg1_.jpg\" alt=\"\" class=\"wp-image-1011\" srcset=\"http:\/\/okrok.fun\/wp-content\/uploads\/2022\/07\/IMG_7965.jpg1_.jpg 600w, http:\/\/okrok.fun\/wp-content\/uploads\/2022\/07\/IMG_7965.jpg1_-200x300.jpg 200w, http:\/\/okrok.fun\/wp-content\/uploads\/2022\/07\/IMG_7965.jpg1_-300x450.jpg 300w\" sizes=\"(max-width: 600px) 100vw, 600px\" \/><\/figure>\n\n\n\n<figure class=\"wp-block-image size-full\"><img loading=\"lazy\" decoding=\"async\" width=\"600\" height=\"900\" src=\"http:\/\/okrok.fun\/wp-content\/uploads\/2022\/07\/IMG_7946-1.jpg1_-1.jpg\" alt=\"\" class=\"wp-image-1021\" srcset=\"http:\/\/okrok.fun\/wp-content\/uploads\/2022\/07\/IMG_7946-1.jpg1_-1.jpg 600w, http:\/\/okrok.fun\/wp-content\/uploads\/2022\/07\/IMG_7946-1.jpg1_-1-200x300.jpg 200w, http:\/\/okrok.fun\/wp-content\/uploads\/2022\/07\/IMG_7946-1.jpg1_-1-300x450.jpg 300w\" sizes=\"(max-width: 600px) 100vw, 600px\" \/><figcaption class=\"wp-element-caption\">Jedyne miejsce &#8211; dawna stajnia gdzie mo\u017cna sobie zrobi\u0107 zdj\u0119cie w od\u015bwie\u017conym wn\u0119trzu.<\/figcaption><\/figure>\n\n\n\n<p><mark style=\"background-color:rgba(0, 0, 0, 0)\" class=\"has-inline-color has-vivid-red-color\"><strong>The palace complex in Goszcz<\/strong><\/mark> (Lower Silesia) is a ruin slowly reviving. The palace is completely destroyed and robbed of everything. It will be impossible to bring it to a state of greatness. There is a group of enthusiasts who are trying to restore this place to a working condition, so that tourists can be invited here and stories about the former splendor of the palace, which in the old days equaled the residences of the European nobility.<\/p>\n\n\n\n<figure class=\"wp-block-image size-full\"><img loading=\"lazy\" decoding=\"async\" width=\"600\" height=\"900\" src=\"http:\/\/okrok.fun\/wp-content\/uploads\/2022\/07\/IMG_7933.jpg1_.jpg\" alt=\"\" class=\"wp-image-1013\" srcset=\"http:\/\/okrok.fun\/wp-content\/uploads\/2022\/07\/IMG_7933.jpg1_.jpg 600w, http:\/\/okrok.fun\/wp-content\/uploads\/2022\/07\/IMG_7933.jpg1_-200x300.jpg 200w, http:\/\/okrok.fun\/wp-content\/uploads\/2022\/07\/IMG_7933.jpg1_-300x450.jpg 300w\" sizes=\"(max-width: 600px) 100vw, 600px\" \/><\/figure>\n\n\n\n<figure class=\"wp-block-image size-full\"><img loading=\"lazy\" decoding=\"async\" width=\"620\" height=\"900\" src=\"http:\/\/okrok.fun\/wp-content\/uploads\/2022\/07\/IMG_7964.jpg1_.jpg\" alt=\"\" class=\"wp-image-1024\" srcset=\"http:\/\/okrok.fun\/wp-content\/uploads\/2022\/07\/IMG_7964.jpg1_.jpg 620w, http:\/\/okrok.fun\/wp-content\/uploads\/2022\/07\/IMG_7964.jpg1_-207x300.jpg 207w, http:\/\/okrok.fun\/wp-content\/uploads\/2022\/07\/IMG_7964.jpg1_-300x435.jpg 300w\" sizes=\"(max-width: 620px) 100vw, 620px\" \/><\/figure>\n\n\n\n<p>But from the beginning. Already in the 12th century, a castle stood in this place, and the goods belonged to the bishops of Wroc\u0142aw until the 16th century. This is mentioned in the Bull of Pope Adrian VI of 1156. Later the property was ruled by the von Dohn family. Then the lands were purchased by the von Reichenbach family and in the years 1730 &#8211; 1740 they built a palace on this site. Already in 1749 the palace was completely burnt down. The new baroque and rococo residence was built in the years 1749 &#8211; 1755. It was rebuilt again in the years 1886 &#8211; 1888. Until the Second World War, the von Reichenbach family had their ancestral home here. The buildings included:<\/p>\n\n\n\n<p>&#8211; Palace<\/p>\n\n\n\n<p>&#8211; two link buildings<\/p>\n\n\n\n<p>&#8211; two outbuildings &#8211; former guest houses<\/p>\n\n\n\n<p>&#8211; residential outbuilding<\/p>\n\n\n\n<p>&#8211; outgoing horse stable<\/p>\n\n\n\n<p>&#8211; manege<\/p>\n\n\n\n<p>&#8211; gardener&#8217;s house<\/p>\n\n\n\n<p>&#8211; gatehouse, currently house No. 63, from the 18th \/ 19th century<\/p>\n\n\n\n<p>&#8211; two houses for the palace service, from 1760<\/p>\n\n\n\n<p>&#8211; Park<\/p>\n\n\n\n<p>&#8211; a brick Evangelical church, erected in the years 1743-49 &#8211; 18III, now the roof and windows have been replaced.<\/p>\n\n\n\n<figure class=\"wp-block-image size-full\"><img loading=\"lazy\" decoding=\"async\" width=\"1024\" height=\"683\" src=\"http:\/\/okrok.fun\/wp-content\/uploads\/2022\/07\/IMG_7957.jpg1_.jpg\" alt=\"\" class=\"wp-image-1015\" srcset=\"http:\/\/okrok.fun\/wp-content\/uploads\/2022\/07\/IMG_7957.jpg1_.jpg 1024w, http:\/\/okrok.fun\/wp-content\/uploads\/2022\/07\/IMG_7957.jpg1_-300x200.jpg 300w, http:\/\/okrok.fun\/wp-content\/uploads\/2022\/07\/IMG_7957.jpg1_-768x512.jpg 768w, http:\/\/okrok.fun\/wp-content\/uploads\/2022\/07\/IMG_7957.jpg1_-850x567.jpg 850w\" sizes=\"(max-width: 1024px) 100vw, 1024px\" \/><\/figure>\n\n\n\n<p>The further fate of the manor buildings can be imagined by looking at the present state. Soviet troops were stationed here &#8211; we know what is associated with it. After the war, everything came under the jurisdiction of local authorities. Anything that could be carried out, removed from the walls, torn off the floors was stolen, and the palace was set on fire on Christmas Eve in 1947. <\/p>\n\n\n\n<figure class=\"wp-block-image size-full\"><img loading=\"lazy\" decoding=\"async\" width=\"600\" height=\"900\" src=\"http:\/\/okrok.fun\/wp-content\/uploads\/2022\/07\/IMG_7937.jpg1_.jpg\" alt=\"\" class=\"wp-image-1016\" srcset=\"http:\/\/okrok.fun\/wp-content\/uploads\/2022\/07\/IMG_7937.jpg1_.jpg 600w, http:\/\/okrok.fun\/wp-content\/uploads\/2022\/07\/IMG_7937.jpg1_-200x300.jpg 200w, http:\/\/okrok.fun\/wp-content\/uploads\/2022\/07\/IMG_7937.jpg1_-300x450.jpg 300w\" sizes=\"(max-width: 600px) 100vw, 600px\" \/><\/figure>\n\n\n\n<figure class=\"wp-block-image size-full\"><img loading=\"lazy\" decoding=\"async\" width=\"600\" height=\"900\" src=\"http:\/\/okrok.fun\/wp-content\/uploads\/2022\/07\/IMG_7943.jpg1_.jpg\" alt=\"\" class=\"wp-image-1017\" srcset=\"http:\/\/okrok.fun\/wp-content\/uploads\/2022\/07\/IMG_7943.jpg1_.jpg 600w, http:\/\/okrok.fun\/wp-content\/uploads\/2022\/07\/IMG_7943.jpg1_-200x300.jpg 200w, http:\/\/okrok.fun\/wp-content\/uploads\/2022\/07\/IMG_7943.jpg1_-300x450.jpg 300w\" sizes=\"(max-width: 600px) 100vw, 600px\" \/><\/figure>\n\n\n\n<p>The ceilings have collapsed. The ground floor was covered with rubble, and it was all overgrown with weeds. The local people live in terrible conditions in the outbuildings. But while cleaning up the ruins, a metal box was found &#8211; a treasure from Goszcz. Everyone is looking forward to its opening. Which contains? Probably just the ghosts of their former glory. In 2012, a decision was made to renovate part of the palace complex in Goszcz. The descendants of the family visited this place on the same day as us. It was a private visit and it was not appropriate to photograph the von Reichenbachs.<\/p>\n\n\n\n<figure class=\"wp-block-image size-full\"><img loading=\"lazy\" decoding=\"async\" width=\"650\" height=\"900\" src=\"http:\/\/okrok.fun\/wp-content\/uploads\/2022\/07\/IMG_7960.jpg1_.jpg\" alt=\"\" class=\"wp-image-1018\" srcset=\"http:\/\/okrok.fun\/wp-content\/uploads\/2022\/07\/IMG_7960.jpg1_.jpg 650w, http:\/\/okrok.fun\/wp-content\/uploads\/2022\/07\/IMG_7960.jpg1_-217x300.jpg 217w, http:\/\/okrok.fun\/wp-content\/uploads\/2022\/07\/IMG_7960.jpg1_-300x415.jpg 300w\" sizes=\"(max-width: 650px) 100vw, 650px\" \/><\/figure>\n\n\n\n<p>The enormity of the palace complex and the evidence of its former glory are impressive, and the present condition is heartbreaking.<\/p>\n\n\n\n<p><mark style=\"background-color:rgba(0, 0, 0, 0)\" class=\"has-inline-color has-vivid-red-color\"><strong>Dw\u00f3r i kaplica w Dzier\u017cnicy, woj. wielkopolskie.<\/strong><\/mark><\/p>\n\n\n\n<figure class=\"wp-block-image size-full\"><img loading=\"lazy\" decoding=\"async\" width=\"622\" height=\"933\" src=\"http:\/\/okrok.fun\/wp-content\/uploads\/2022\/06\/IMG_2338.jpg\" alt=\"\" class=\"wp-image-949\" srcset=\"http:\/\/okrok.fun\/wp-content\/uploads\/2022\/06\/IMG_2338.jpg 622w, http:\/\/okrok.fun\/wp-content\/uploads\/2022\/06\/IMG_2338-200x300.jpg 200w, http:\/\/okrok.fun\/wp-content\/uploads\/2022\/06\/IMG_2338-300x450.jpg 300w\" sizes=\"(max-width: 622px) 100vw, 622px\" \/><\/figure>\n\n\n\n<p>Dw\u00f3r wybudowano w latach 1884-85 dla Ignacego Niemojewskiego, zaprojektowany przez Zygmunta Gogolewskiego. Jest to, a w\u0142a\u015bciwi nale\u017ca\u0142o by napisa\u0107 by\u0142a to rezydencja w stylu willi szwajcarskiej. Jej stan jest op\u0142akany. A\u017c strach wej\u015b\u0107 do \u015brodka bo mo\u017ce nagle ca\u0142o\u015b\u0107 run\u0105\u0107 na g\u0142ow\u0119. <\/p>\n\n\n\n<figure class=\"wp-block-image size-full\"><img loading=\"lazy\" decoding=\"async\" width=\"1024\" height=\"600\" src=\"http:\/\/okrok.fun\/wp-content\/uploads\/2022\/06\/IMG_2340.jpg\" alt=\"\" class=\"wp-image-950\" srcset=\"http:\/\/okrok.fun\/wp-content\/uploads\/2022\/06\/IMG_2340.jpg 1024w, http:\/\/okrok.fun\/wp-content\/uploads\/2022\/06\/IMG_2340-300x176.jpg 300w, http:\/\/okrok.fun\/wp-content\/uploads\/2022\/06\/IMG_2340-768x450.jpg 768w, http:\/\/okrok.fun\/wp-content\/uploads\/2022\/06\/IMG_2340-850x498.jpg 850w\" sizes=\"(max-width: 1024px) 100vw, 1024px\" \/><\/figure>\n\n\n\n<p>Wn\u0119trze przebudowano w roku 1900. Do 1926 mieszka\u0142a tu rodzina Wize.<\/p>\n\n\n\n<figure class=\"wp-block-image size-full\"><img loading=\"lazy\" decoding=\"async\" width=\"627\" height=\"900\" src=\"http:\/\/okrok.fun\/wp-content\/uploads\/2022\/06\/IMG_2356.jpg\" alt=\"\" class=\"wp-image-952\" srcset=\"http:\/\/okrok.fun\/wp-content\/uploads\/2022\/06\/IMG_2356.jpg 627w, http:\/\/okrok.fun\/wp-content\/uploads\/2022\/06\/IMG_2356-209x300.jpg 209w, http:\/\/okrok.fun\/wp-content\/uploads\/2022\/06\/IMG_2356-300x431.jpg 300w\" sizes=\"(max-width: 627px) 100vw, 627px\" \/><\/figure>\n\n\n\n<figure class=\"wp-block-image size-full\"><img loading=\"lazy\" decoding=\"async\" width=\"1024\" height=\"704\" src=\"http:\/\/okrok.fun\/wp-content\/uploads\/2022\/06\/IMG_2357.jpg\" alt=\"\" class=\"wp-image-953\" srcset=\"http:\/\/okrok.fun\/wp-content\/uploads\/2022\/06\/IMG_2357.jpg 1024w, http:\/\/okrok.fun\/wp-content\/uploads\/2022\/06\/IMG_2357-300x206.jpg 300w, http:\/\/okrok.fun\/wp-content\/uploads\/2022\/06\/IMG_2357-768x528.jpg 768w, http:\/\/okrok.fun\/wp-content\/uploads\/2022\/06\/IMG_2357-850x584.jpg 850w\" sizes=\"(max-width: 1024px) 100vw, 1024px\" \/><\/figure>\n\n\n\n<p> Kaplicza w dworskim parku upami\u0119tnia Andrzeja Wize u\u0142ana Pierwszego Pu\u0142ku U\u0142an\u00f3w Wielkopolskich. W parku przez krzaki i chwasty mo\u017cna dostrzec sporo ciekawych okaz\u00f3w drzew. <\/p>\n\n\n\n<figure class=\"wp-block-image size-full\"><img loading=\"lazy\" decoding=\"async\" width=\"667\" height=\"900\" src=\"http:\/\/okrok.fun\/wp-content\/uploads\/2022\/06\/IMG_2352.jpg\" alt=\"\" class=\"wp-image-951\" srcset=\"http:\/\/okrok.fun\/wp-content\/uploads\/2022\/06\/IMG_2352.jpg 667w, http:\/\/okrok.fun\/wp-content\/uploads\/2022\/06\/IMG_2352-222x300.jpg 222w, http:\/\/okrok.fun\/wp-content\/uploads\/2022\/06\/IMG_2352-300x405.jpg 300w\" sizes=\"(max-width: 667px) 100vw, 667px\" \/><\/figure>\n\n\n\n<p>Wszystko jest jednak w beznadziejnej kondycji. Natura zadamawia si\u0119 w zgliszczach dworu i opanowuje otoczenie. Kapliczka jest zadbana, mieszka\u0144cy staraj\u0105 si\u0119 utrzymywa\u0107 to miejsce w dobrym stanie. Dw\u00f3r c\u00f3\u017c. Prywatny.&nbsp;Brawa dla w\u0142a\u015bciciela!<\/p>\n\n\n\n\n\n<p>Manor house and chapel in Dzier\u017cnica, province Greater Poland.<\/p>\n\n\n\n<figure class=\"wp-block-image size-full\"><img loading=\"lazy\" decoding=\"async\" width=\"493\" height=\"900\" src=\"http:\/\/okrok.fun\/wp-content\/uploads\/2022\/06\/IMG_2344.jpg\" alt=\"\" class=\"wp-image-954\" srcset=\"http:\/\/okrok.fun\/wp-content\/uploads\/2022\/06\/IMG_2344.jpg 493w, http:\/\/okrok.fun\/wp-content\/uploads\/2022\/06\/IMG_2344-164x300.jpg 164w, http:\/\/okrok.fun\/wp-content\/uploads\/2022\/06\/IMG_2344-300x548.jpg 300w\" sizes=\"(max-width: 493px) 100vw, 493px\" \/><\/figure>\n\n\n\n<p>The manor house was built in 1884-85 for Ignacy Niemojewski, designed by Zygmunt Gogolewski. It is, and the proper thing would be to write it was a residence in the style of a Swiss villa. Her condition is deplorable. It&#8217;s scary to go inside because it can suddenly collapse on your head. The interior was rebuilt in 1900. Until 1926 the Wize family lived here. The chapel in the manor park commemorates Andrzej Wize Uhlan of the First Regiment of Greater Poland Lancers. <\/p>\n\n\n\n<figure class=\"wp-block-image size-full\"><img loading=\"lazy\" decoding=\"async\" width=\"542\" height=\"899\" src=\"http:\/\/okrok.fun\/wp-content\/uploads\/2022\/06\/IMG_2345.jpg\" alt=\"\" class=\"wp-image-955\" srcset=\"http:\/\/okrok.fun\/wp-content\/uploads\/2022\/06\/IMG_2345.jpg 542w, http:\/\/okrok.fun\/wp-content\/uploads\/2022\/06\/IMG_2345-181x300.jpg 181w, http:\/\/okrok.fun\/wp-content\/uploads\/2022\/06\/IMG_2345-300x498.jpg 300w\" sizes=\"(max-width: 542px) 100vw, 542px\" \/><\/figure>\n\n\n\n<p>In the park, through the bushes and weeds, you can see many interesting specimens of trees. However, everything is in a hopeless condition. Nature settles in the ruins of the manor and takes over the surroundings. The chapel is well-kept, the residents are trying to keep the place in good condition. Manor well. Private. Congratulations to the owner!<\/p>\n\n\n\n<figure class=\"wp-block-image size-full\"><img loading=\"lazy\" decoding=\"async\" width=\"1024\" height=\"647\" src=\"http:\/\/okrok.fun\/wp-content\/uploads\/2022\/06\/IMG_2354.jpg\" alt=\"\" class=\"wp-image-956\" srcset=\"http:\/\/okrok.fun\/wp-content\/uploads\/2022\/06\/IMG_2354.jpg 1024w, http:\/\/okrok.fun\/wp-content\/uploads\/2022\/06\/IMG_2354-300x190.jpg 300w, http:\/\/okrok.fun\/wp-content\/uploads\/2022\/06\/IMG_2354-768x485.jpg 768w, http:\/\/okrok.fun\/wp-content\/uploads\/2022\/06\/IMG_2354-850x537.jpg 850w\" sizes=\"(max-width: 1024px) 100vw, 1024px\" \/><\/figure>\n\n\n\n<p><mark style=\"background-color:rgba(0, 0, 0, 0)\" class=\"has-inline-color has-vivid-red-color\"><strong>Dw\u00f3r w Klonach.<\/strong><\/mark><\/p>\n\n\n\n<p>Klony to ma\u0142a wie\u015b w wojew\u00f3dztwie wielkopolskim, w powiecie pozna\u0144skim, w gminie Kostrzyn. Pierwsze zapiski o Klonach, a wtedy o Klunach pochodz\u0105 z XV wieku z ksi\u0105g s\u0105dowych. Tak wi\u0119c od tych czas\u00f3w by\u0142o wielu w\u0142a\u015bcicieli, kt\u00f3rzy dzielili i scalali sw\u00f3j maj\u0105tek. Wszelkie szczeg\u00f3\u0142y mo\u017cna znale\u017a\u0107 na stronie <a href=\"http:\/\/www.polskiezabytki.pl\/\">www.polskiezabytki.pl<\/a><\/p>\n\n\n\n<figure class=\"wp-block-image size-full\"><img loading=\"lazy\" decoding=\"async\" width=\"1024\" height=\"686\" src=\"http:\/\/okrok.fun\/wp-content\/uploads\/2022\/05\/IMG_7425.jpg1_.jpg\" alt=\"\" class=\"wp-image-893\" srcset=\"http:\/\/okrok.fun\/wp-content\/uploads\/2022\/05\/IMG_7425.jpg1_.jpg 1024w, http:\/\/okrok.fun\/wp-content\/uploads\/2022\/05\/IMG_7425.jpg1_-300x201.jpg 300w, http:\/\/okrok.fun\/wp-content\/uploads\/2022\/05\/IMG_7425.jpg1_-768x515.jpg 768w, http:\/\/okrok.fun\/wp-content\/uploads\/2022\/05\/IMG_7425.jpg1_-850x569.jpg 850w\" sizes=\"(max-width: 1024px) 100vw, 1024px\" \/><\/figure>\n\n\n\n<p>Ostatnimi w\u0142a\u015bcicielem przed drug\u0105 wojn\u0105 \u015bwiatow\u0105 by\u0142 pan Glabisz. Po wojnie maj\u0105tek odebra\u0142 skarb pa\u0144stwa i rozparcelowa\u0142. Dzi\u015b skromny dw\u00f3r niszczeje. Ale dzi\u0119ki spotkanym na miejscu paniom mogli\u015bmy si\u0119 dowiedzie\u0107, \u017ce potomkowie w\u0142a\u015bcicieli maj\u0105 zamiar odnowi\u0107 siedzib\u0119 rodow\u0105. Jak wida\u0107 na zdj\u0119ciach s\u0105 czynione pewne prace. &nbsp;<\/p>\n\n\n\n<figure class=\"wp-block-image size-full\"><img loading=\"lazy\" decoding=\"async\" width=\"802\" height=\"900\" src=\"http:\/\/okrok.fun\/wp-content\/uploads\/2022\/05\/IMG_7419.jpg\" alt=\"\" class=\"wp-image-897\" srcset=\"http:\/\/okrok.fun\/wp-content\/uploads\/2022\/05\/IMG_7419.jpg 802w, http:\/\/okrok.fun\/wp-content\/uploads\/2022\/05\/IMG_7419-267x300.jpg 267w, http:\/\/okrok.fun\/wp-content\/uploads\/2022\/05\/IMG_7419-768x862.jpg 768w, http:\/\/okrok.fun\/wp-content\/uploads\/2022\/05\/IMG_7419-300x337.jpg 300w\" sizes=\"(max-width: 802px) 100vw, 802px\" \/><\/figure>\n\n\n\n<p>Dw\u00f3r znajduje si\u0119 w pi\u0119knym parku. Oczywi\u015bcie zaniedbanym, zaro\u015bni\u0119tym, zapomnianym \u2013 upadaj\u0105cym. Oby uda\u0142o si\u0119 przywr\u00f3ci\u0107 go do \u015bwietno\u015bci.<\/p>\n\n\n\n<figure class=\"wp-block-image size-full\"><img loading=\"lazy\" decoding=\"async\" width=\"1024\" height=\"683\" src=\"http:\/\/okrok.fun\/wp-content\/uploads\/2022\/05\/IMG_7417.jpg\" alt=\"\" class=\"wp-image-895\" srcset=\"http:\/\/okrok.fun\/wp-content\/uploads\/2022\/05\/IMG_7417.jpg 1024w, http:\/\/okrok.fun\/wp-content\/uploads\/2022\/05\/IMG_7417-300x200.jpg 300w, http:\/\/okrok.fun\/wp-content\/uploads\/2022\/05\/IMG_7417-768x512.jpg 768w, http:\/\/okrok.fun\/wp-content\/uploads\/2022\/05\/IMG_7417-850x567.jpg 850w\" sizes=\"(max-width: 1024px) 100vw, 1024px\" \/><\/figure>\n\n\n\n<p>Klony is a small village in the Greater Poland Voivodeship, in Pozna\u0144 County, in the Kostrzyn Commune. The first records about the Klones, and then about the Kloons, come from the 15th century from court books. So, since then, there have been many owners who have divided and merged their property. All details can be found at www.polskiezabytki.pl<\/p>\n\n\n\n<figure class=\"wp-block-image size-full\"><img loading=\"lazy\" decoding=\"async\" width=\"600\" height=\"900\" src=\"http:\/\/okrok.fun\/wp-content\/uploads\/2022\/05\/IMG_7421.jpg\" alt=\"\" class=\"wp-image-896\" srcset=\"http:\/\/okrok.fun\/wp-content\/uploads\/2022\/05\/IMG_7421.jpg 600w, http:\/\/okrok.fun\/wp-content\/uploads\/2022\/05\/IMG_7421-200x300.jpg 200w, http:\/\/okrok.fun\/wp-content\/uploads\/2022\/05\/IMG_7421-300x450.jpg 300w\" sizes=\"(max-width: 600px) 100vw, 600px\" \/><\/figure>\n\n\n\n<p>The last owner before the Second World War was Mr. Glabisz. After the war, the property was seized by the state treasury and divided. Today the modest manor house is deteriorating. But thanks to the ladies we met on the spot, we could find out that the descendants of the owners were going to renew the family seat. Some work is being done as you can see in the photos. The mansion is located in a beautiful park. Of course, neglected, overgrown, forgotten &#8211; falling. May it be restored to its glory.<\/p>\n\n\n\n<figure class=\"wp-block-image size-full\"><img loading=\"lazy\" decoding=\"async\" width=\"1024\" height=\"683\" src=\"http:\/\/okrok.fun\/wp-content\/uploads\/2022\/05\/IMG_7410.jpg1_.jpg\" alt=\"\" class=\"wp-image-898\" srcset=\"http:\/\/okrok.fun\/wp-content\/uploads\/2022\/05\/IMG_7410.jpg1_.jpg 1024w, http:\/\/okrok.fun\/wp-content\/uploads\/2022\/05\/IMG_7410.jpg1_-300x200.jpg 300w, http:\/\/okrok.fun\/wp-content\/uploads\/2022\/05\/IMG_7410.jpg1_-768x512.jpg 768w, http:\/\/okrok.fun\/wp-content\/uploads\/2022\/05\/IMG_7410.jpg1_-850x567.jpg 850w\" sizes=\"(max-width: 1024px) 100vw, 1024px\" \/><\/figure>\n\n\n\n<p><strong><mark style=\"background-color:rgba(0, 0, 0, 0)\" class=\"has-inline-color has-vivid-red-color\">Polwica k\/ Zaniemy\u015bla <\/mark><\/strong><\/p>\n\n\n\n<p>Zesp\u00f3\u0142 dworski z pocz\u0105tku XIX w po\u0142owie stulecia dodano przybud\u00f3wk\u0119. Prawdopodobnie wybudowany dla rodziny Niegolewskich. <\/p>\n\n\n\n<figure class=\"wp-block-image size-full\"><img loading=\"lazy\" decoding=\"async\" width=\"1024\" height=\"639\" src=\"http:\/\/okrok.fun\/wp-content\/uploads\/2022\/05\/IMG_7543.jpg\" alt=\"\" class=\"wp-image-857\" srcset=\"http:\/\/okrok.fun\/wp-content\/uploads\/2022\/05\/IMG_7543.jpg 1024w, http:\/\/okrok.fun\/wp-content\/uploads\/2022\/05\/IMG_7543-300x187.jpg 300w, http:\/\/okrok.fun\/wp-content\/uploads\/2022\/05\/IMG_7543-768x479.jpg 768w, http:\/\/okrok.fun\/wp-content\/uploads\/2022\/05\/IMG_7543-850x530.jpg 850w\" sizes=\"(max-width: 1024px) 100vw, 1024px\" \/><\/figure>\n\n\n\n<p>W Dworze tym w roku 1817 urodzi\u0142 si\u0119 Ryszard Wincenty Berwi\u0144ski. (tablica na \u015bcianie dworu m\u00f3wi, \u017ce by\u0142 to rok 1819, a tablica upami\u0119tniaj\u0105ca poet\u0119 w pobliskim Zaniemy\u015blu podaje dat\u0119 urodzenia 1817r.) <\/p>\n\n\n\n<figure class=\"wp-block-image size-full\"><img loading=\"lazy\" decoding=\"async\" width=\"1024\" height=\"673\" src=\"http:\/\/okrok.fun\/wp-content\/uploads\/2022\/05\/IMG_7548.jpg\" alt=\"\" class=\"wp-image-858\" srcset=\"http:\/\/okrok.fun\/wp-content\/uploads\/2022\/05\/IMG_7548.jpg 1024w, http:\/\/okrok.fun\/wp-content\/uploads\/2022\/05\/IMG_7548-300x197.jpg 300w, http:\/\/okrok.fun\/wp-content\/uploads\/2022\/05\/IMG_7548-768x505.jpg 768w, http:\/\/okrok.fun\/wp-content\/uploads\/2022\/05\/IMG_7548-350x230.jpg 350w, http:\/\/okrok.fun\/wp-content\/uploads\/2022\/05\/IMG_7548-850x559.jpg 850w\" sizes=\"(max-width: 1024px) 100vw, 1024px\" \/><\/figure>\n\n\n\n<p>Dw\u00f3r by\u0142 miejscem zamieszkania rodziny Marianny i Micha\u0142a Jasieckich, opisanej w ksi\u0105\u017cce Janiny Fedorowicz i Joanny Konopi\u0144skiej Marianna i r\u00f3\u017ce. Obecnie dw\u00f3r i jego otoczenie niszczeje.<\/p>\n\n\n\n<figure class=\"wp-block-image size-full\"><img loading=\"lazy\" decoding=\"async\" width=\"586\" height=\"900\" src=\"http:\/\/okrok.fun\/wp-content\/uploads\/2022\/05\/IMG_7555.jpg\" alt=\"\" class=\"wp-image-859\" srcset=\"http:\/\/okrok.fun\/wp-content\/uploads\/2022\/05\/IMG_7555.jpg 586w, http:\/\/okrok.fun\/wp-content\/uploads\/2022\/05\/IMG_7555-195x300.jpg 195w, http:\/\/okrok.fun\/wp-content\/uploads\/2022\/05\/IMG_7555-300x461.jpg 300w\" sizes=\"(max-width: 586px) 100vw, 586px\" \/><\/figure>\n\n\n\n<p>Polwica near Zaniemy\u015bl &#8211; a manor complex from the beginning of the 19th century, an annex was added in the middle of the century. Probably built for the Niegolewski family. <\/p>\n\n\n\n<figure class=\"wp-block-image size-full\"><img loading=\"lazy\" decoding=\"async\" width=\"1024\" height=\"722\" src=\"http:\/\/okrok.fun\/wp-content\/uploads\/2022\/05\/IMG_7549.jpg\" alt=\"\" class=\"wp-image-860\" srcset=\"http:\/\/okrok.fun\/wp-content\/uploads\/2022\/05\/IMG_7549.jpg 1024w, http:\/\/okrok.fun\/wp-content\/uploads\/2022\/05\/IMG_7549-300x212.jpg 300w, http:\/\/okrok.fun\/wp-content\/uploads\/2022\/05\/IMG_7549-768x542.jpg 768w, http:\/\/okrok.fun\/wp-content\/uploads\/2022\/05\/IMG_7549-850x599.jpg 850w\" sizes=\"(max-width: 1024px) 100vw, 1024px\" \/><\/figure>\n\n\n\n<p>Ryszard Wincenty Berwi\u0144ski was born in this manor in 1817. (the plaque on the court&#8217;s wall says that it was 1819, and the plaque commemorating the poet in nearby Zaniemy\u015bl gives the date of birth 1817). Currently, the manor house and its surroundings are deteriorating.<\/p>\n\n\n\n<figure class=\"wp-block-image size-full\"><img loading=\"lazy\" decoding=\"async\" width=\"624\" height=\"900\" src=\"http:\/\/okrok.fun\/wp-content\/uploads\/2022\/05\/IMG_7558.jpg\" alt=\"\" class=\"wp-image-861\" srcset=\"http:\/\/okrok.fun\/wp-content\/uploads\/2022\/05\/IMG_7558.jpg 624w, http:\/\/okrok.fun\/wp-content\/uploads\/2022\/05\/IMG_7558-208x300.jpg 208w, http:\/\/okrok.fun\/wp-content\/uploads\/2022\/05\/IMG_7558-300x433.jpg 300w\" sizes=\"(max-width: 624px) 100vw, 624px\" \/><\/figure>\n\n\n\n<p><mark style=\"background-color:rgba(0, 0, 0, 0)\" class=\"has-inline-color has-vivid-red-color\"><strong>Dw\u00f3r w Kocio\u0142kowej G\u00f3rce.<\/strong><\/mark><\/p>\n\n\n\n<figure class=\"wp-block-image size-full\"><img loading=\"lazy\" decoding=\"async\" width=\"1024\" height=\"652\" src=\"http:\/\/okrok.fun\/wp-content\/uploads\/2022\/04\/IMG_7243.jpg1_.jpg\" alt=\"\" class=\"wp-image-820\" srcset=\"http:\/\/okrok.fun\/wp-content\/uploads\/2022\/04\/IMG_7243.jpg1_.jpg 1024w, http:\/\/okrok.fun\/wp-content\/uploads\/2022\/04\/IMG_7243.jpg1_-300x191.jpg 300w, http:\/\/okrok.fun\/wp-content\/uploads\/2022\/04\/IMG_7243.jpg1_-768x489.jpg 768w, http:\/\/okrok.fun\/wp-content\/uploads\/2022\/04\/IMG_7243.jpg1_-850x541.jpg 850w\" sizes=\"(max-width: 1024px) 100vw, 1024px\" \/><\/figure>\n\n\n\n<p>To tak naprawd\u0119 zesp\u00f3\u0142 parkowo pa\u0142acowy w totalnej ruinie. Kocio\u0142kowa G\u00f3rka le\u017cy w pobli\u017cu trasy S5, w powiecie pozna\u0144skim, gmina Pobiedziska. Tu archeolodzy odkryli narz\u0119dzia i naczynia z okresu kultury \u0142u\u017cyckiej. W okolicznych lasach dawni Polanie oddawali ho\u0142d swym poga\u0144skim bogom. Odnaleziono tu tak\u017ce pier\u015bcieniowate grodzisku zamieszka\u0142e w VI\/VII wieku. <\/p>\n\n\n\n<figure class=\"wp-block-image size-full\"><img loading=\"lazy\" decoding=\"async\" width=\"627\" height=\"900\" src=\"http:\/\/okrok.fun\/wp-content\/uploads\/2022\/04\/IMG_7218.jpg\" alt=\"\" class=\"wp-image-821\" srcset=\"http:\/\/okrok.fun\/wp-content\/uploads\/2022\/04\/IMG_7218.jpg 627w, http:\/\/okrok.fun\/wp-content\/uploads\/2022\/04\/IMG_7218-209x300.jpg 209w, http:\/\/okrok.fun\/wp-content\/uploads\/2022\/04\/IMG_7218-300x431.jpg 300w\" sizes=\"(max-width: 627px) 100vw, 627px\" \/><\/figure>\n\n\n\n<p>Nas zainteresowa\u0142 dw\u00f3r. Zdewastowany, rozkradziony z wielk\u0105 dziur\u0105 w murze jakby strzeli\u0142 do niego czo\u0142g. Posiad\u0142o\u015b\u0107 nale\u017ca\u0142a do rodziny Rado\u0144skich, a pierwsze wzmianki o G\u00f3rce pochodz\u0105 ju\u017c z XIV wieku Jak wiele tego typu d\u00f3br przechodzi\u0142a z r\u0105k do r\u0105k kmiecie i panowie toczyli o ni\u0105 spory. <\/p>\n\n\n\n<figure class=\"wp-block-image size-full\"><img loading=\"lazy\" decoding=\"async\" width=\"600\" height=\"900\" src=\"http:\/\/okrok.fun\/wp-content\/uploads\/2022\/04\/IMG_7229.jpg\" alt=\"\" class=\"wp-image-822\" srcset=\"http:\/\/okrok.fun\/wp-content\/uploads\/2022\/04\/IMG_7229.jpg 600w, http:\/\/okrok.fun\/wp-content\/uploads\/2022\/04\/IMG_7229-200x300.jpg 200w, http:\/\/okrok.fun\/wp-content\/uploads\/2022\/04\/IMG_7229-300x450.jpg 300w\" sizes=\"(max-width: 600px) 100vw, 600px\" \/><\/figure>\n\n\n\n<p>Czasy bli\u017csze wsp\u00f3\u0142czesno\u015bci to w\u0142a\u015bnie rz\u0105dzy Rado\u0144skich. R\u00f3d zas\u0142u\u017cony w walkach narodowowyzwole\u0144czych, a warto doda\u0107, \u017ce syn zmar\u0142ego w 1910 roku dziedzica Seweryna Karol zosta\u0142 p\u00f3\u017aniej biskupem w\u0142oc\u0142awskim, a jego brat Antoni przej\u0105\u0142 po ojcu maj\u0105tek i gospodarzy\u0142 do wybuchu II wojny \u015bwiatowej. Poza tradycyjn\u0105 upraw\u0105 hodowano tu tak\u017ce konie szlachetnej p\u00f3\u0142krwi. <\/p>\n\n\n\n<figure class=\"wp-block-image size-full\"><img loading=\"lazy\" decoding=\"async\" width=\"1024\" height=\"768\" src=\"http:\/\/okrok.fun\/wp-content\/uploads\/2022\/04\/IMG_7220.jpg\" alt=\"\" class=\"wp-image-823\" srcset=\"http:\/\/okrok.fun\/wp-content\/uploads\/2022\/04\/IMG_7220.jpg 1024w, http:\/\/okrok.fun\/wp-content\/uploads\/2022\/04\/IMG_7220-300x225.jpg 300w, http:\/\/okrok.fun\/wp-content\/uploads\/2022\/04\/IMG_7220-768x576.jpg 768w, http:\/\/okrok.fun\/wp-content\/uploads\/2022\/04\/IMG_7220-850x638.jpg 850w\" sizes=\"(max-width: 1024px) 100vw, 1024px\" \/><\/figure>\n\n\n\n<p>Po wojnie dobra rozparcelowa\u0142 rz\u0105d. Dzi\u015b jak wida\u0107 na zdj\u0119ciach wszystko niszczeje. W parku mo\u017cemy odnale\u017a\u0107 na przyk\u0142ad wspania\u0142\u0105 magnoli\u0119 i wiele innych ciekawych gatunk\u00f3w drzew, kt\u00f3re towarzysz\u0105 umieraniu dworu. \u017bal patrze\u0107.<\/p>\n\n\n\n<figure class=\"wp-block-image size-full\"><img loading=\"lazy\" decoding=\"async\" width=\"1024\" height=\"683\" src=\"http:\/\/okrok.fun\/wp-content\/uploads\/2022\/04\/IMG_7235.jpg\" alt=\"\" class=\"wp-image-824\" srcset=\"http:\/\/okrok.fun\/wp-content\/uploads\/2022\/04\/IMG_7235.jpg 1024w, http:\/\/okrok.fun\/wp-content\/uploads\/2022\/04\/IMG_7235-300x200.jpg 300w, http:\/\/okrok.fun\/wp-content\/uploads\/2022\/04\/IMG_7235-768x512.jpg 768w, http:\/\/okrok.fun\/wp-content\/uploads\/2022\/04\/IMG_7235-850x567.jpg 850w\" sizes=\"(max-width: 1024px) 100vw, 1024px\" \/><\/figure>\n\n\n\n<p>The manor house in Kocio\u0142kowa G\u00f3rka.<\/p>\n\n\n\n<p>It is in fact a park and palace complex in total ruin. Kocio\u0142kowa G\u00f3rka is located near the S5 route, in Pozna\u0144 poviat, Pobiedziska commune. Here, archaeologists discovered tools and vessels from the period of the Lusatian culture. In the surrounding forests, former Polans paid tribute to their pagan gods. A ring-shaped settlement from the 6th \/ 7th century was also found here. <\/p>\n\n\n\n<figure class=\"wp-block-image size-full\"><img loading=\"lazy\" decoding=\"async\" width=\"600\" height=\"900\" src=\"http:\/\/okrok.fun\/wp-content\/uploads\/2022\/04\/IMG_7224.jpg\" alt=\"\" class=\"wp-image-825\" srcset=\"http:\/\/okrok.fun\/wp-content\/uploads\/2022\/04\/IMG_7224.jpg 600w, http:\/\/okrok.fun\/wp-content\/uploads\/2022\/04\/IMG_7224-200x300.jpg 200w, http:\/\/okrok.fun\/wp-content\/uploads\/2022\/04\/IMG_7224-300x450.jpg 300w\" sizes=\"(max-width: 600px) 100vw, 600px\" \/><\/figure>\n\n\n\n<p>The court interested us. Devastated, stolen with a large hole in the wall as if a tank had shot at him. The property belonged to the Rado\u0144ski family, and the first mentions of G\u00f3rka come from the 14th century. How many such goods were passed from hand to hand by peasants and the gentlemen were arguing about it. <\/p>\n\n\n\n<figure class=\"wp-block-image size-full\"><img loading=\"lazy\" decoding=\"async\" width=\"1024\" height=\"675\" src=\"http:\/\/okrok.fun\/wp-content\/uploads\/2022\/04\/IMG_7230.jpg1_.jpg\" alt=\"\" class=\"wp-image-826\" srcset=\"http:\/\/okrok.fun\/wp-content\/uploads\/2022\/04\/IMG_7230.jpg1_.jpg 1024w, http:\/\/okrok.fun\/wp-content\/uploads\/2022\/04\/IMG_7230.jpg1_-300x198.jpg 300w, http:\/\/okrok.fun\/wp-content\/uploads\/2022\/04\/IMG_7230.jpg1_-768x506.jpg 768w, http:\/\/okrok.fun\/wp-content\/uploads\/2022\/04\/IMG_7230.jpg1_-350x230.jpg 350w, http:\/\/okrok.fun\/wp-content\/uploads\/2022\/04\/IMG_7230.jpg1_-850x560.jpg 850w\" sizes=\"(max-width: 1024px) 100vw, 1024px\" \/><\/figure>\n\n\n\n<p>The times closer to the present are the rule of the Rado\u0144ski family. The family merited in the struggles for national liberation, and it is worth adding that the son of the heir of Seweryn, who died in 1910, later became the bishop of W\u0142oc\u0142awek, and his brother Antoni took over the property from his father and ran it until the outbreak of World War II. <\/p>\n\n\n\n<figure class=\"wp-block-image size-full\"><img loading=\"lazy\" decoding=\"async\" width=\"720\" height=\"900\" src=\"http:\/\/okrok.fun\/wp-content\/uploads\/2022\/04\/IMG_7239.jpg\" alt=\"\" class=\"wp-image-827\" srcset=\"http:\/\/okrok.fun\/wp-content\/uploads\/2022\/04\/IMG_7239.jpg 720w, http:\/\/okrok.fun\/wp-content\/uploads\/2022\/04\/IMG_7239-240x300.jpg 240w, http:\/\/okrok.fun\/wp-content\/uploads\/2022\/04\/IMG_7239-300x375.jpg 300w\" sizes=\"(max-width: 720px) 100vw, 720px\" \/><\/figure>\n\n\n\n<p>In addition to traditional farming, horses of the noble half-blood were also bred here. After the war, the government parceled out goods. Today, as you can see in the pictures, everything is deteriorating. In the park, we can find, for example, a magnificent magnolia and many other interesting species of trees that accompany the dying manor house. It&#8217;s a pity to look.<\/p>\n\n\n\n<figure class=\"wp-block-image size-full\"><img loading=\"lazy\" decoding=\"async\" width=\"600\" height=\"900\" src=\"http:\/\/okrok.fun\/wp-content\/uploads\/2022\/04\/IMG_7238.jpg\" alt=\"\" class=\"wp-image-828\" srcset=\"http:\/\/okrok.fun\/wp-content\/uploads\/2022\/04\/IMG_7238.jpg 600w, http:\/\/okrok.fun\/wp-content\/uploads\/2022\/04\/IMG_7238-200x300.jpg 200w, http:\/\/okrok.fun\/wp-content\/uploads\/2022\/04\/IMG_7238-300x450.jpg 300w\" sizes=\"(max-width: 600px) 100vw, 600px\" \/><\/figure>\n\n\n\n<p><mark style=\"background-color:rgba(0, 0, 0, 0)\" class=\"has-inline-color has-vivid-red-color\"><strong>Paw\u0142owo Skockie \u2013 dw\u00f3r Mi\u0105czy\u0144skich.<\/strong><\/mark><\/p>\n\n\n\n<figure class=\"wp-block-image size-full\"><img loading=\"lazy\" decoding=\"async\" width=\"1024\" height=\"672\" src=\"http:\/\/okrok.fun\/wp-content\/uploads\/2022\/04\/IMG_1929.jpg\" alt=\"\" class=\"wp-image-796\" srcset=\"http:\/\/okrok.fun\/wp-content\/uploads\/2022\/04\/IMG_1929.jpg 1024w, http:\/\/okrok.fun\/wp-content\/uploads\/2022\/04\/IMG_1929-300x197.jpg 300w, http:\/\/okrok.fun\/wp-content\/uploads\/2022\/04\/IMG_1929-768x504.jpg 768w, http:\/\/okrok.fun\/wp-content\/uploads\/2022\/04\/IMG_1929-350x230.jpg 350w, http:\/\/okrok.fun\/wp-content\/uploads\/2022\/04\/IMG_1929-850x558.jpg 850w\" sizes=\"(max-width: 1024px) 100vw, 1024px\" \/><\/figure>\n\n\n\n<p>Przedzieramy si\u0119 przez krzaki, zaro\u015bla i b\u0142oto \u017ceby dotrze\u0107 do ruiny dworu w Paw\u0142owie Skockim. Paw\u0142owo wyst\u0119puje ju\u017c w dokumentach od 1348 roku. Pierwszym znanym jej posiadaczem by\u0142 w XIV w. Komes Dobrogost, wojewoda pozna\u0144ski. W XIV wieku by\u0142a w\u0142asno\u015bci\u0105 Raczkowskich, w XVI i XVII Rogali\u0144skich.<\/p>\n\n\n\n<figure class=\"wp-block-image size-full\"><img loading=\"lazy\" decoding=\"async\" width=\"1024\" height=\"683\" src=\"http:\/\/okrok.fun\/wp-content\/uploads\/2022\/04\/IMG_1927.jpg\" alt=\"\" class=\"wp-image-797\" srcset=\"http:\/\/okrok.fun\/wp-content\/uploads\/2022\/04\/IMG_1927.jpg 1024w, http:\/\/okrok.fun\/wp-content\/uploads\/2022\/04\/IMG_1927-300x200.jpg 300w, http:\/\/okrok.fun\/wp-content\/uploads\/2022\/04\/IMG_1927-768x512.jpg 768w, http:\/\/okrok.fun\/wp-content\/uploads\/2022\/04\/IMG_1927-850x567.jpg 850w\" sizes=\"(max-width: 1024px) 100vw, 1024px\" \/><\/figure>\n\n\n\n<p>Pod koniec osiemnastego wieku dobra przej\u0119li Prusimscy. Nast\u0119pnie Mi\u0105czy\u0144scy. WIX wieku W\u0142adys\u0142aw Mi\u0105czy\u0144ski sprzeda\u0142 cz\u0119\u015b\u0107 swoich d\u00f3br rodzinie niemieckiej Matzdorf. W okresie 19004 \u2013 39 maj\u0105tek nale\u017ca\u0142 do Ch\u0142apowskich ze pobliskich Stawian. Po wojnie przej\u0105\u0142 go miejscowy PGR, by\u0142 tam sklep i mieszkania dla pracownik\u00f3w pobliskiego folwarku, a w latach 90 \u2013 tych prywatna dzier\u017cawca doprowadzi\u0142 go do ca\u0142kowitej ruiny i w takim stanie jest po dzi\u015b dzie\u0144. <\/p>\n\n\n\n<figure class=\"wp-block-image size-full\"><img loading=\"lazy\" decoding=\"async\" width=\"577\" height=\"900\" src=\"http:\/\/okrok.fun\/wp-content\/uploads\/2022\/04\/IMG_1922.jpg\" alt=\"\" class=\"wp-image-798\" srcset=\"http:\/\/okrok.fun\/wp-content\/uploads\/2022\/04\/IMG_1922.jpg 577w, http:\/\/okrok.fun\/wp-content\/uploads\/2022\/04\/IMG_1922-192x300.jpg 192w, http:\/\/okrok.fun\/wp-content\/uploads\/2022\/04\/IMG_1922-300x468.jpg 300w\" sizes=\"(max-width: 577px) 100vw, 577px\" \/><\/figure>\n\n\n\n<p>Po d\u0142ugim procesie Izabella i Franciszek Chapowski \u2013 Trzeciak odzyskali prawa w\u0142asno\u015bci, ale nie wp\u0142yn\u0119\u0142o to na stan dworu. Co wi\u0119cej pan Franciszek mia\u0142 jeszcze pretensje, ze s\u0105d zwraca mu tak\u0105 ruin\u0119. Niestety do tej pory nic z ni\u0105 nie zrobi\u0142. Woda leci do \u015brodka przez zniszczony dach, a czas obraca wszystko w ruin\u0119 tylko stare, dorodne kasztany w przydworskim ogrodzie s\u0105 \u015bwiadkami \u015bwietlanej niegdy\u015b przesz\u0142o\u015bci.<\/p>\n\n\n\n<figure class=\"wp-block-image size-full\"><img loading=\"lazy\" decoding=\"async\" width=\"1024\" height=\"690\" src=\"http:\/\/okrok.fun\/wp-content\/uploads\/2022\/04\/IMG_1928.jpg\" alt=\"\" class=\"wp-image-799\" srcset=\"http:\/\/okrok.fun\/wp-content\/uploads\/2022\/04\/IMG_1928.jpg 1024w, http:\/\/okrok.fun\/wp-content\/uploads\/2022\/04\/IMG_1928-300x202.jpg 300w, http:\/\/okrok.fun\/wp-content\/uploads\/2022\/04\/IMG_1928-768x518.jpg 768w, http:\/\/okrok.fun\/wp-content\/uploads\/2022\/04\/IMG_1928-850x573.jpg 850w\" sizes=\"(max-width: 1024px) 100vw, 1024px\" \/><\/figure>\n\n\n\n<p>Paw\u0142owo Skockie &#8211; the Mi\u0105czy\u0144ski manor.<\/p>\n\n\n\n<p>We break through bushes, thickets and mud to reach the ruins of the manor in Paw\u0142\u00f3w Skocki. Paw\u0142owo appears in documents from 1348. The first known owner was Komes Dobrogost, the voivode of Pozna\u0144, in the 14th century. In the 14th century it was owned by the Raczkowski family, in the 16th and 17th century by the Rogali\u0144ski family. At the end of the eighteenth century, the property was taken over by the Prusimskis. Then the Mi\u0105czy\u0144scy. <\/p>\n\n\n\n<figure class=\"wp-block-image size-full\"><img loading=\"lazy\" decoding=\"async\" width=\"1024\" height=\"683\" src=\"http:\/\/okrok.fun\/wp-content\/uploads\/2022\/04\/IMG_1930.jpg\" alt=\"\" class=\"wp-image-800\" srcset=\"http:\/\/okrok.fun\/wp-content\/uploads\/2022\/04\/IMG_1930.jpg 1024w, http:\/\/okrok.fun\/wp-content\/uploads\/2022\/04\/IMG_1930-300x200.jpg 300w, http:\/\/okrok.fun\/wp-content\/uploads\/2022\/04\/IMG_1930-768x512.jpg 768w, http:\/\/okrok.fun\/wp-content\/uploads\/2022\/04\/IMG_1930-850x567.jpg 850w\" sizes=\"(max-width: 1024px) 100vw, 1024px\" \/><\/figure>\n\n\n\n<p>In the 9th century, W\u0142adys\u0142aw Mi\u0105czy\u0144ski sold some of his property to the German Matzdorf family. In the period 19004-39 the estate belonged to the Ch\u0142apowski family from nearby Stawian. After the war, it was taken over by the local state-owned farm, there was a shop and apartments for employees of a nearby farm, and in the 90s a private tenant led it to total ruin and it is in this condition to this day. After a long trial, Izabella and Franciszek Chapowski-Trzeciak regained their property rights, but this did not affect the condition of the court. <\/p>\n\n\n\n<figure class=\"wp-block-image size-full\"><img loading=\"lazy\" decoding=\"async\" width=\"465\" height=\"900\" src=\"http:\/\/okrok.fun\/wp-content\/uploads\/2022\/04\/IMG_1925.jpg\" alt=\"\" class=\"wp-image-801\" srcset=\"http:\/\/okrok.fun\/wp-content\/uploads\/2022\/04\/IMG_1925.jpg 465w, http:\/\/okrok.fun\/wp-content\/uploads\/2022\/04\/IMG_1925-155x300.jpg 155w, http:\/\/okrok.fun\/wp-content\/uploads\/2022\/04\/IMG_1925-300x581.jpg 300w\" sizes=\"(max-width: 465px) 100vw, 465px\" \/><\/figure>\n\n\n\n<p>What is more, Mr. Franciszek had a grudge against the court that he was returned to such a ruin. Unfortunately, he hasn&#8217;t done anything with her so far. The water rushes in through the dilapidated roof, and time turns everything into ruin, only the old, handsome chestnuts in the courtyard garden are witnesses of the once bright past.<\/p>\n\n\n\n<p><mark style=\"background-color:rgba(0, 0, 0, 0)\" class=\"has-inline-color has-vivid-red-color\"><strong>W\u0119gierskie dw\u00f3r Zio\u0142eckich.<\/strong><\/mark><\/p>\n\n\n\n<p>Kwietniowe, niedzielne popo\u0142udnie zimne deszczowe i wietrzne. Co zrobi\u0107? Navigare necesse est. Ruszyli\u015bmy wi\u0119c w tras\u0119, troch\u0119 bez celu, przed siebie, bo w podr\u00f3\u017cy najwa\u017cniejsza jest droga. Tym sposobem trafili\u015bmy do miejscowo\u015bci W\u0119gierskie w Wielkopolsce. Od razu nasuwa si\u0119 pytanie sk\u0105d taka nazwa? Prawdopodobnie st\u0105d, ze w\u0142a\u015bnie tu zostali zes\u0142ani w\u0119gierscy je\u0144cy wojenni wzi\u0119ci do niewoli podczas wojny o Ru\u015b halick\u0105. W czasach p\u00f3\u017aniejszych W\u0119gierskie nale\u017ca\u0142o do W\u0119gierskich, Malczewskich i Bronikowskich. W roku 1890 dobra popad\u0142y w d\u0142ugi i przej\u0105\u0142 je Bank Kredytowy w Szczecinie. Potem wie\u015b naby\u0142a rodzina Zio\u0142eckich, kt\u00f3rej grobowiec znajduje si\u0119 w pobliskim Czerlejnie. <\/p>\n\n\n\n<figure class=\"wp-block-image size-full\"><img loading=\"lazy\" decoding=\"async\" width=\"1024\" height=\"683\" src=\"http:\/\/okrok.fun\/wp-content\/uploads\/2022\/04\/IMG_6795.jpg\" alt=\"\" class=\"wp-image-763\" srcset=\"http:\/\/okrok.fun\/wp-content\/uploads\/2022\/04\/IMG_6795.jpg 1024w, http:\/\/okrok.fun\/wp-content\/uploads\/2022\/04\/IMG_6795-300x200.jpg 300w, http:\/\/okrok.fun\/wp-content\/uploads\/2022\/04\/IMG_6795-768x512.jpg 768w, http:\/\/okrok.fun\/wp-content\/uploads\/2022\/04\/IMG_6795-850x567.jpg 850w\" sizes=\"(max-width: 1024px) 100vw, 1024px\" \/><\/figure>\n\n\n\n<figure class=\"wp-block-image size-full\"><img loading=\"lazy\" decoding=\"async\" width=\"595\" height=\"901\" src=\"http:\/\/okrok.fun\/wp-content\/uploads\/2022\/04\/IMG_6798.jpg\" alt=\"\" class=\"wp-image-764\" srcset=\"http:\/\/okrok.fun\/wp-content\/uploads\/2022\/04\/IMG_6798.jpg 595w, http:\/\/okrok.fun\/wp-content\/uploads\/2022\/04\/IMG_6798-198x300.jpg 198w, http:\/\/okrok.fun\/wp-content\/uploads\/2022\/04\/IMG_6798-300x454.jpg 300w\" sizes=\"(max-width: 595px) 100vw, 595px\" \/><\/figure>\n\n\n\n<p>To w\u0142a\u015bnie Zio\u0142eccy zleci przebudow\u0119 istniej\u0105cego dworu Rogerowi S\u0142awskiem. Tak wiec na pocz\u0105tku XX wieku powsta\u0142 pa\u0142ac jaki istnieje do dzisiaj. Jak si\u0119 znalaz\u0142 w zak\u0142adce \u2018\u2019Upad\u0142a architektura\u201d ? Obecnie nie pe\u0142ni on swojej funkcji. Park jest zaniedbany i zdewastowany. <\/p>\n\n\n\n<figure class=\"wp-block-image size-full\"><img loading=\"lazy\" decoding=\"async\" width=\"1024\" height=\"564\" src=\"http:\/\/okrok.fun\/wp-content\/uploads\/2022\/04\/IMG_6804.jpg\" alt=\"\" class=\"wp-image-765\" srcset=\"http:\/\/okrok.fun\/wp-content\/uploads\/2022\/04\/IMG_6804.jpg 1024w, http:\/\/okrok.fun\/wp-content\/uploads\/2022\/04\/IMG_6804-300x165.jpg 300w, http:\/\/okrok.fun\/wp-content\/uploads\/2022\/04\/IMG_6804-768x423.jpg 768w, http:\/\/okrok.fun\/wp-content\/uploads\/2022\/04\/IMG_6804-850x468.jpg 850w\" sizes=\"(max-width: 1024px) 100vw, 1024px\" \/><\/figure>\n\n\n\n<figure class=\"wp-block-image size-full\"><img loading=\"lazy\" decoding=\"async\" width=\"682\" height=\"900\" src=\"http:\/\/okrok.fun\/wp-content\/uploads\/2022\/04\/IMG_6787.jpg\" alt=\"\" class=\"wp-image-766\" srcset=\"http:\/\/okrok.fun\/wp-content\/uploads\/2022\/04\/IMG_6787.jpg 682w, http:\/\/okrok.fun\/wp-content\/uploads\/2022\/04\/IMG_6787-227x300.jpg 227w, http:\/\/okrok.fun\/wp-content\/uploads\/2022\/04\/IMG_6787-300x396.jpg 300w\" sizes=\"(max-width: 682px) 100vw, 682px\" \/><\/figure>\n\n\n\n<p>Otoczenie stanowi\u0105 szopy, graty, drewutnie. Ca\u0142e szcz\u0119\u015bcie, \u017ce budynek po wojnie zosta\u0142 przekszta\u0142cony na mieszkania. Pewnie dzi\u0119ki temu istniej do dzisiaj. Niestety nie uda\u0142o si\u0119 porozmawia\u0107 z mieszka\u0144cami i dowiedzie\u0107 si\u0119 czego\u015b wi\u0119cej na temat los\u00f3w dworu, w kt\u00f3rym przysz\u0142o im mieszka\u0107 i ich w\u0142asnych. Spadkobiercy pewnie przepadli w mrokach dziej\u00f3w, lub nie maj\u0105 si\u0142 i funduszy na odzyskanie i utrzymanie takiego budynku. Tak te\u017c istnieje w miejscowo\u015bci W\u0119gierskie pi\u0119kny dw\u00f3r o neorenesansowych cechach z imponuj\u0105cym portykiem, kt\u00f3ry stanowi niew\u0105tpliw\u0105 ozdob\u0119 pa\u0142acu. Czy przetrwa? Mamy nadziej\u0119, \u017ce tak.<\/p>\n\n\n\n<figure class=\"wp-block-image size-full\"><img loading=\"lazy\" decoding=\"async\" width=\"590\" height=\"900\" src=\"http:\/\/okrok.fun\/wp-content\/uploads\/2022\/04\/IMG_6792.jpg1_.jpg\" alt=\"\" class=\"wp-image-767\" srcset=\"http:\/\/okrok.fun\/wp-content\/uploads\/2022\/04\/IMG_6792.jpg1_.jpg 590w, http:\/\/okrok.fun\/wp-content\/uploads\/2022\/04\/IMG_6792.jpg1_-197x300.jpg 197w, http:\/\/okrok.fun\/wp-content\/uploads\/2022\/04\/IMG_6792.jpg1_-300x458.jpg 300w\" sizes=\"(max-width: 590px) 100vw, 590px\" \/><\/figure>\n\n\n\n<p>Pallace in Hungarian village.<\/p>\n\n\n\n<p>April, Sunday afternoon, cold, rainy and windy. What to do? Navigare necesse est. So we went on the road, a bit aimlessly, ahead, because the most important thing in a journey is the road. In this way, we ended up in W\u0119gierskie in Greater Poland. The question immediately arises where does the name come from? Probably because it was here that the Hungarian prisoners of war taken captive during the war for Halych Ruthenia were sent. In later times, W\u0119gierskie belonged to the Hungarian, Malczewski and Bronikowski families.<\/p>\n\n\n\n<figure class=\"wp-block-image size-full\"><img loading=\"lazy\" decoding=\"async\" width=\"655\" height=\"900\" src=\"http:\/\/okrok.fun\/wp-content\/uploads\/2022\/04\/IMG_6789.jpg\" alt=\"\" class=\"wp-image-768\" srcset=\"http:\/\/okrok.fun\/wp-content\/uploads\/2022\/04\/IMG_6789.jpg 655w, http:\/\/okrok.fun\/wp-content\/uploads\/2022\/04\/IMG_6789-218x300.jpg 218w, http:\/\/okrok.fun\/wp-content\/uploads\/2022\/04\/IMG_6789-300x412.jpg 300w\" sizes=\"(max-width: 655px) 100vw, 655px\" \/><\/figure>\n\n\n\n<p> In 1890 the goods fell into debt and they were taken over by Bank Kredytowy in Szczecin. Later, the village was purchased by the Zio\u0142ecki family, whose tomb is located in nearby Czerlejno. It is the Zio\u0142ecki family who will commission Roger S\u0142awski to rebuild the existing manor. So, at the beginning of the 20th century, the palace that still exists today was built. How did it find itself in the 'Collapsed Architecture&#8217; tab? Currently, it does not fulfill its function. The park is run down and devastated. <\/p>\n\n\n\n<figure class=\"wp-block-image size-full\"><img loading=\"lazy\" decoding=\"async\" width=\"786\" height=\"900\" src=\"http:\/\/okrok.fun\/wp-content\/uploads\/2022\/04\/IMG_6799.jpg\" alt=\"\" class=\"wp-image-769\" srcset=\"http:\/\/okrok.fun\/wp-content\/uploads\/2022\/04\/IMG_6799.jpg 786w, http:\/\/okrok.fun\/wp-content\/uploads\/2022\/04\/IMG_6799-262x300.jpg 262w, http:\/\/okrok.fun\/wp-content\/uploads\/2022\/04\/IMG_6799-768x879.jpg 768w, http:\/\/okrok.fun\/wp-content\/uploads\/2022\/04\/IMG_6799-300x344.jpg 300w\" sizes=\"(max-width: 786px) 100vw, 786px\" \/><\/figure>\n\n\n\n<p>The surroundings are sheds, lumber and woodsheds. Fortunately, the building was converted into apartments after the war. Probably thanks to this they exist to this day. Unfortunately, it was not possible to talk to the residents and learn more about the fate of the manor in which they lived and their own. <\/p>\n\n\n\n<figure class=\"wp-block-image size-full\"><img loading=\"lazy\" decoding=\"async\" width=\"638\" height=\"900\" src=\"http:\/\/okrok.fun\/wp-content\/uploads\/2022\/04\/IMG_6800.jpg\" alt=\"\" class=\"wp-image-770\" srcset=\"http:\/\/okrok.fun\/wp-content\/uploads\/2022\/04\/IMG_6800.jpg 638w, http:\/\/okrok.fun\/wp-content\/uploads\/2022\/04\/IMG_6800-213x300.jpg 213w, http:\/\/okrok.fun\/wp-content\/uploads\/2022\/04\/IMG_6800-300x423.jpg 300w\" sizes=\"(max-width: 638px) 100vw, 638px\" \/><\/figure>\n\n\n\n<p>The heirs may have been lost in the darkness of history, or they do not have the strength and funds to recover and maintain such a building. This is also how there is a beautiful manor house in W\u0119gierskie with neo-Renaissance features with an impressive portico, which undoubtedly is a decoration of the palace. Will it survive? We hope so.<\/p>\n\n\n\n<figure class=\"wp-block-image size-full\"><img loading=\"lazy\" decoding=\"async\" width=\"1024\" height=\"683\" src=\"http:\/\/okrok.fun\/wp-content\/uploads\/2022\/04\/IMG_6805.jpg\" alt=\"\" class=\"wp-image-771\" srcset=\"http:\/\/okrok.fun\/wp-content\/uploads\/2022\/04\/IMG_6805.jpg 1024w, http:\/\/okrok.fun\/wp-content\/uploads\/2022\/04\/IMG_6805-300x200.jpg 300w, http:\/\/okrok.fun\/wp-content\/uploads\/2022\/04\/IMG_6805-768x512.jpg 768w, http:\/\/okrok.fun\/wp-content\/uploads\/2022\/04\/IMG_6805-850x567.jpg 850w\" sizes=\"(max-width: 1024px) 100vw, 1024px\" \/><\/figure>\n\n\n\n<p><mark style=\"background-color:rgba(0, 0, 0, 0)\" class=\"has-inline-color has-vivid-red-color\"><strong>Pa\u0142ac Mycielskich w Kobylempolu. Pozna\u0144, woj. wielkopolskie.<\/strong><\/mark><\/p>\n\n\n\n<figure class=\"wp-block-image size-full\"><img loading=\"lazy\" decoding=\"async\" width=\"401\" height=\"247\" src=\"http:\/\/okrok.fun\/wp-content\/uploads\/2022\/03\/249402_543458619039676_1819251724_n.jpg\" alt=\"\" class=\"wp-image-705\" srcset=\"http:\/\/okrok.fun\/wp-content\/uploads\/2022\/03\/249402_543458619039676_1819251724_n.jpg 401w, http:\/\/okrok.fun\/wp-content\/uploads\/2022\/03\/249402_543458619039676_1819251724_n-300x185.jpg 300w\" sizes=\"(max-width: 401px) 100vw, 401px\" \/><\/figure>\n\n\n\n<p>Nazwa Kobylepole oznacza\u0142a grunty, na kt\u00f3rych prowadzona by\u0142a hodowla klaczy. Pierwszy raz pojawia si\u0119 w zapisach z roku 1330 jako \u201eCobilepole\u201d. Kobylepole to wschodnia dzielnica Poznania. Obecnie administracyjnie wchodzi w sk\u0142ad osiedla: Zieliniec, Antoninek, Kobylepole. Od roku 1759 a\u017c do drugiej wojny \u015bwiatowej Kobylepole znajdowa\u0142o si\u0119 w r\u0119kach jednego z najbardziej zamo\u017cnych rod\u00f3w wielkopolskich \u2013 Mycielskich. To w tym w\u0142a\u015bnie roku Franciszka Kaswera Ko\u017ami\u0144ska po\u015blubi\u0142a wojewod\u0119 J\u00f3zefa I Mycielskiego i w posagu wnios\u0142a dobra Kobyleckie.<\/p>\n\n\n\n<figure class=\"wp-block-image size-full\"><img loading=\"lazy\" decoding=\"async\" width=\"1024\" height=\"638\" src=\"http:\/\/okrok.fun\/wp-content\/uploads\/2022\/03\/IMG_0423.jpg\" alt=\"\" class=\"wp-image-708\" srcset=\"http:\/\/okrok.fun\/wp-content\/uploads\/2022\/03\/IMG_0423.jpg 1024w, http:\/\/okrok.fun\/wp-content\/uploads\/2022\/03\/IMG_0423-300x187.jpg 300w, http:\/\/okrok.fun\/wp-content\/uploads\/2022\/03\/IMG_0423-768x479.jpg 768w, http:\/\/okrok.fun\/wp-content\/uploads\/2022\/03\/IMG_0423-850x530.jpg 850w\" sizes=\"(max-width: 1024px) 100vw, 1024px\" \/><\/figure>\n\n\n\n<p>Mycielscy mieli powi\u0105zania z takim rodami jak: Radziwi\u0142\u0142owie, Wi\u015bniowieccy, Potockccy, Tarnowscy, Szembek, Dzieduszyccy. Szlachectwo i dopuszczenie do herbu Do\u0142\u0119ga otrzymali za zas\u0142ugi w bitwie pod Grunwaldem s\u0142u\u017cyli tam w piechocie ch\u0142opskiej. Wiele pokole\u0144 rodu Mycielskich zas\u0142u\u017cy\u0142o si\u0119 w walkach niepodleg\u0142o\u015bciowych. W ich siedzibie w Kobelepolu w roku 1806 go\u015bci\u0142 Napoleon Bonaparte i tu w\u0142a\u015bnie prowadzi\u0142 rozmowy na temat rozejmu z Prusami. <\/p>\n\n\n\n<figure class=\"wp-block-image size-full\"><img loading=\"lazy\" decoding=\"async\" width=\"1024\" height=\"620\" src=\"http:\/\/okrok.fun\/wp-content\/uploads\/2022\/03\/IMG_0418.jpg\" alt=\"\" class=\"wp-image-706\" srcset=\"http:\/\/okrok.fun\/wp-content\/uploads\/2022\/03\/IMG_0418.jpg 1024w, http:\/\/okrok.fun\/wp-content\/uploads\/2022\/03\/IMG_0418-300x182.jpg 300w, http:\/\/okrok.fun\/wp-content\/uploads\/2022\/03\/IMG_0418-768x465.jpg 768w, http:\/\/okrok.fun\/wp-content\/uploads\/2022\/03\/IMG_0418-850x515.jpg 850w\" sizes=\"(max-width: 1024px) 100vw, 1024px\" \/><\/figure>\n\n\n\n<p>W tym \u017ce pa\u0142acu wzi\u0105\u0142 udzia\u0142 w chrzcinach c\u00f3rki gospodarza Konstancji Wiktorii. Nie pozosta\u0142 \u017caden \u015blad po dworze Mycielskich z tego okresu. Kolejny pa\u0142ac wybudowany w 1842- 1844 r przez J\u00f3zefa Mycielskiego podzieli\u0142 ten sam los. Nie ma \u015bladu po rodowej siedzibie, a mie\u015bci\u0142 si\u0119 tu pot\u0119\u017cny ksi\u0119gozbi\u00f3r. Wspania\u0142e wn\u0119trza go\u015bci\u0142y wielu znamienitych go\u015bci \u2013 W\u0142adys\u0142aw Marcinkowski, Kazimiera I\u0142\u0142akowicz\u00f3wna, Leon Wycz\u00f3\u0142kowski.&nbsp; Na \u015bcianie w salonie wisia\u0142 portret kr\u00f3lowej Marii Leszczy\u0144skiej (skoligaconej z Mycielskimi). Podczas drugiej wojny pa\u0142ac zaj\u0119li Niemcy i utworzyli tam sierociniec. Podczas zdobywania Poznania pa\u0142ac zosta\u0142 zniszczony, a po wojnie sp\u0142on\u0105\u0142 wraz z ca\u0142ym wyposa\u017ceniem. <\/p>\n\n\n\n<figure class=\"wp-block-image size-full\"><img loading=\"lazy\" decoding=\"async\" width=\"328\" height=\"222\" src=\"http:\/\/okrok.fun\/wp-content\/uploads\/2022\/03\/image004.gif\" alt=\"\" class=\"wp-image-707\"\/><\/figure>\n\n\n\n<p>Do dzi\u015b pozosta\u0142a brama (ostatnio wyremontowana). Istniej\u0105 \u017ar\u00f3d\u0142a kt\u00f3re podaj\u0105, \u017ce s\u0142upy nigdy nie by\u0142y bram\u0105 tylko s\u0105 pozosta\u0142o\u015bci\u0105 pomnika po\u015bwi\u0119conego Pi\u0142sudskiemu i mieszka\u0144com Kobylepola poleg\u0142ym w powstaniu wielkopolski i w wojnie bolszewickiej w 1920 r. Pomnik zosta\u0142 zaprojektowany i wzniesiony przez Stanis\u0142awa Kubickiego w roku 1937. Na skraju polany le\u017c\u0105 dwie betonowe bry\u0142y. Na jednej z nich s\u0105 pozosta\u0142o\u015bci herbu Mycielskich, a na cmentarzu w pobliskim Sp\u0142awiu pozosta\u0142 gr\u00f3b rodzinny.<\/p>\n\n\n\n<figure class=\"wp-block-image size-full\"><img loading=\"lazy\" decoding=\"async\" width=\"1024\" height=\"776\" src=\"http:\/\/okrok.fun\/wp-content\/uploads\/2022\/03\/IMG_0431.jpg\" alt=\"\" class=\"wp-image-709\" srcset=\"http:\/\/okrok.fun\/wp-content\/uploads\/2022\/03\/IMG_0431.jpg 1024w, http:\/\/okrok.fun\/wp-content\/uploads\/2022\/03\/IMG_0431-300x227.jpg 300w, http:\/\/okrok.fun\/wp-content\/uploads\/2022\/03\/IMG_0431-768x582.jpg 768w, http:\/\/okrok.fun\/wp-content\/uploads\/2022\/03\/IMG_0431-850x644.jpg 850w\" sizes=\"(max-width: 1024px) 100vw, 1024px\" \/><\/figure>\n\n\n\n<p> Przy ulicy Dymka na kolumnie pochodz\u0105cej z sali wielkiej pa\u0142acu stoi figurka Matki Boskiej. W zaro\u015blach po dzi\u015b dzie\u0144 istniej\u0105 zamieszka\u0142e zabudowania pa\u0142acowej s\u0142u\u017cb\u00f3wki. Tylko tyle po wspania\u0142ej historii wielkiego rodu Mycielskich.<\/p>\n\n\n\n<p>The Mycielski Palace in Kobylempol. Pozna\u0144, voivodeship Greater Poland.<\/p>\n\n\n\n<figure class=\"wp-block-image size-full\"><img loading=\"lazy\" decoding=\"async\" width=\"552\" height=\"399\" src=\"http:\/\/okrok.fun\/wp-content\/uploads\/2022\/03\/hol-w-pac582acu.jpg\" alt=\"\" class=\"wp-image-710\" srcset=\"http:\/\/okrok.fun\/wp-content\/uploads\/2022\/03\/hol-w-pac582acu.jpg 552w, http:\/\/okrok.fun\/wp-content\/uploads\/2022\/03\/hol-w-pac582acu-300x217.jpg 300w\" sizes=\"(max-width: 552px) 100vw, 552px\" \/><\/figure>\n\n\n\n<p>The name Kobylepole meant the land on which the mare was bred. It appears for the first time in records from 1330 as 'Cobilepole&#8217;. Kobylepole is the eastern district of Pozna\u0144. Currently, it is administratively part of the following housing estates: Zieliniec, Antoninek, Kobylepole. From 1759 until World War II, Kobylepole was in the hands of one of the most wealthy families in Wielkopolska &#8211; the Mycielski family. It was in that year that Franciszka Kaswera Ko\u017ami\u0144ska married the voivode J\u00f3zef I Mycielski and brought the Kobylec estate as dowry. The Mycielski family had connections with such families as: Radziwi\u0142\u0142, Wi\u015bniowiecki, Potockcki, Tarnowski, Szembek, Dzieduszycki. They received nobility and admission to the coat of arms of Do\u0142\u0119ga for their services in the Battle of Grunwald and served in peasant infantry there. Many generations of the Mycielski family contributed to the independence struggles. Napoleon Bonaparte visited their headquarters in Kobelepol in 1806 and it was here that he talked about a truce with Prussia. In the fact that the palace took part in the christening of the host&#8217;s daughter, Konstancja Wiktoria. <\/p>\n\n\n\n<figure class=\"wp-block-image size-full\"><img loading=\"lazy\" decoding=\"async\" width=\"592\" height=\"900\" src=\"http:\/\/okrok.fun\/wp-content\/uploads\/2022\/03\/IMG_0411.jpg\" alt=\"\" class=\"wp-image-712\" srcset=\"http:\/\/okrok.fun\/wp-content\/uploads\/2022\/03\/IMG_0411.jpg 592w, http:\/\/okrok.fun\/wp-content\/uploads\/2022\/03\/IMG_0411-197x300.jpg 197w, http:\/\/okrok.fun\/wp-content\/uploads\/2022\/03\/IMG_0411-300x456.jpg 300w\" sizes=\"(max-width: 592px) 100vw, 592px\" \/><\/figure>\n\n\n\n<p>There is no trace of the Mycielski family from that period. Another palace, built in 1842-1844 by J\u00f3zef Mycielski, shared the same fate. There is no trace of the family seat, and it housed a huge collection of books. Great interiors have hosted many distinguished guests &#8211; W\u0142adys\u0142aw Marcinkowski, Kazimiera I\u0142\u0142akowicz\u00f3wna, Leon Wycz\u00f3\u0142kowski. A portrait of Queen Maria Leszczy\u0144ska (related to the Mycielski family) hung on the wall in the living room. During the Second World War, the palace was occupied by the Germans and they established an orphanage there. During the conquest of Pozna\u0144, the palace was destroyed, and after the war it burned down along with all its furnishings. The gate has remained to this day (recently renovated). There are sources which say that the posts were never a gate, but a remnant of a monument dedicated to Pi\u0142sudski and the inhabitants of Kobylepol who died in the Greater Poland Uprising and in the Bolshevik war in 1920. The monument was designed and erected by Stanis\u0142aw Kubicki in 1937. On the edge of the clearing, there are two concrete blocks . One of them has the remains of the Mycielski coat of arms, and a family grave remains at the cemetery in nearby Sp\u0142awie. <\/p>\n\n\n\n<figure class=\"wp-block-image size-full\"><img loading=\"lazy\" decoding=\"async\" width=\"1024\" height=\"659\" src=\"http:\/\/okrok.fun\/wp-content\/uploads\/2022\/03\/IMG_0424.jpg\" alt=\"\" class=\"wp-image-711\" srcset=\"http:\/\/okrok.fun\/wp-content\/uploads\/2022\/03\/IMG_0424.jpg 1024w, http:\/\/okrok.fun\/wp-content\/uploads\/2022\/03\/IMG_0424-300x193.jpg 300w, http:\/\/okrok.fun\/wp-content\/uploads\/2022\/03\/IMG_0424-768x494.jpg 768w, http:\/\/okrok.fun\/wp-content\/uploads\/2022\/03\/IMG_0424-850x547.jpg 850w\" sizes=\"(max-width: 1024px) 100vw, 1024px\" \/><\/figure>\n\n\n\n<p>On Dymka Street, on a column from the great hall of the palace, there is a statue of the Mother of God. To this day, there are inhabited buildings of the palace servants&#8217; house in the bushes. That&#8217;s all after the great history of the great Mycielski family.<\/p>\n\n\n\n<p><mark style=\"background-color:rgba(0, 0, 0, 0)\" class=\"has-inline-color has-vivid-red-color\"><strong>Pa\u0142ac w Owi\u0144skach.<\/strong><\/mark><\/p>\n\n\n\n<figure class=\"wp-block-image size-full\"><img loading=\"lazy\" decoding=\"async\" width=\"1024\" height=\"683\" src=\"http:\/\/okrok.fun\/wp-content\/uploads\/2022\/03\/IMG_3704.jpg\" alt=\"\" class=\"wp-image-685\" srcset=\"http:\/\/okrok.fun\/wp-content\/uploads\/2022\/03\/IMG_3704.jpg 1024w, http:\/\/okrok.fun\/wp-content\/uploads\/2022\/03\/IMG_3704-300x200.jpg 300w, http:\/\/okrok.fun\/wp-content\/uploads\/2022\/03\/IMG_3704-768x512.jpg 768w, http:\/\/okrok.fun\/wp-content\/uploads\/2022\/03\/IMG_3704-850x567.jpg 850w\" sizes=\"(max-width: 1024px) 100vw, 1024px\" \/><\/figure>\n\n\n\n<p>Wje\u017cd\u017caj\u0105c do Owi\u0144ska od strony po\u0142udniowej od razu w oczy rzuca si\u0119 wielki pa\u0142ac po\u0142o\u017cony nad stawem, w kt\u00f3rego wodach odbija soja wielko\u015b\u0107. To w\u0142a\u015bciwie wszystko co zosta\u0142o z jego \u015bwietno\u015bci \u2013 wielko\u015b\u0107 budynku. Wie\u015b wzmiankowana by\u0142a po raz pierwszy w 1242 roku kiedy to ksi\u0105\u017c\u0119 wielkopolski Przemys\u0142aw I za\u0142o\u017cy\u0142 klasztor cysterek w Owi\u0144skach., a tak\u017ce ko\u015bci\u00f3\u0142 p.w. NMP i \u015bwi\u0119tego Jana Chrzciciela. Wie\u015b pierwotnie nazywa\u0142a si\u0119 Ovensko, a w mi\u0119dzyczasie tak\u017ce &#8222;\u0141owi\u0144ska&#8221;, a czasie drugiej wojny \u015bwiatowej wie\u015b nosi\u0142a nazw\u0119 Treskau.<\/p>\n\n\n\n<figure class=\"wp-block-image size-full\"><img loading=\"lazy\" decoding=\"async\" width=\"1024\" height=\"463\" src=\"http:\/\/okrok.fun\/wp-content\/uploads\/2022\/03\/IMG_3703.jpg\" alt=\"\" class=\"wp-image-686\" srcset=\"http:\/\/okrok.fun\/wp-content\/uploads\/2022\/03\/IMG_3703.jpg 1024w, http:\/\/okrok.fun\/wp-content\/uploads\/2022\/03\/IMG_3703-300x136.jpg 300w, http:\/\/okrok.fun\/wp-content\/uploads\/2022\/03\/IMG_3703-768x347.jpg 768w, http:\/\/okrok.fun\/wp-content\/uploads\/2022\/03\/IMG_3703-850x384.jpg 850w\" sizes=\"(max-width: 1024px) 100vw, 1024px\" \/><\/figure>\n\n\n\n<p> D\u0142uga jest historia Owi\u0144sk, klasztoru i innych ciekawych obiekt\u00f3w tu umieszczonych. Nas interesuje pa\u0142ac rodziny von Treskow. W 1797 roku rz\u0105d pruski zlikwidowa\u0142 klasztor , a dobra jego nada\u0142 bankierowi i szlachcicowi z Berlina Zygmuntowi Ottonowi von Treskow, kt\u00f3ry wybudowa\u0142 tu swoja siedzib\u0119. R\u00f3d von Treskow posiada\u0142 w Wielkopolsce wiele posiad\u0142o\u015bci opr\u00f3cz Owi\u0144sk mieli jeszcze Radojewo, Wierzonk\u0119, Chludowo, Biedrusko, Nieszaw\u0119, Morasko i Knyszyn. Trzeba odda\u0107 fakt, \u017ce byli to dobrzy gospodarze i swoimi dobrami zarz\u0105dzali nowocze\u015bnie jak na \u00f3wczesne czasy. <\/p>\n\n\n\n<figure class=\"wp-block-image size-full\"><img loading=\"lazy\" decoding=\"async\" width=\"868\" height=\"900\" src=\"http:\/\/okrok.fun\/wp-content\/uploads\/2022\/03\/IMG_3711.jpg\" alt=\"\" class=\"wp-image-687\" srcset=\"http:\/\/okrok.fun\/wp-content\/uploads\/2022\/03\/IMG_3711.jpg 868w, http:\/\/okrok.fun\/wp-content\/uploads\/2022\/03\/IMG_3711-289x300.jpg 289w, http:\/\/okrok.fun\/wp-content\/uploads\/2022\/03\/IMG_3711-768x796.jpg 768w, http:\/\/okrok.fun\/wp-content\/uploads\/2022\/03\/IMG_3711-300x311.jpg 300w, http:\/\/okrok.fun\/wp-content\/uploads\/2022\/03\/IMG_3711-850x881.jpg 850w\" sizes=\"(max-width: 868px) 100vw, 868px\" \/><\/figure>\n\n\n\n<p>W czasie drugiej wojny \u015bwiatowej w ogromnych piwnicach pa\u0142acu Niemcy urz\u0105dzili katowni\u0119. Po wycofaniu si\u0119 Niemc\u00f3w pa\u0142ac s\u0142u\u017cy\u0142 jako o\u015brodek dla sierot z powstania warszawskiego. Po przeniesieniu sieroci\u0144ca, utworzono tu szko\u0142\u0119 podstawow\u0105 i przedszkole. Pa\u0142ac funkcjonowa\u0142 jako obiekt u\u017cyteczno\u015bci publicznej, ale w 1997 roku sprzedano go za 500&nbsp;000 z\u0142 prywatnej osobie, kt\u00f3ra podawa\u0142a si\u0119 za wielbiciela i renowatora zabytk\u00f3w. Zosta\u0142 wtedy kompletnie ogo\u0142ocony ze wszystkiego co da\u0142o si\u0119 wynie\u015b\u0107 z parkietami sztukateri\u0105 w\u0142acznie. Czyli musia\u0142 to by\u0107 prawdziwy wielbiciel zabytk\u00f3w! Teraz pa\u0142ac jest wzgl\u0119dnie zabezpieczony i ponownie wystawiony na sprzeda\u017c za 2,7 mnl z\u0142 wraz z 16 hektarowym parkiem. Wydaje si\u0119 niewiele jak za taki obiekt, ale ile kosztowa\u0142o by doprowadzenie go do stanu \u015bwietno\u015bci lepiej nie pyta\u0107 Pa\u0142ac ogl\u0105da\u0142 nawet Wojciech Fibak, ale nie naby\u0142 go. No c\u00f3\u017c, upad\u0142a architektura.<\/p>\n\n\n\n<figure class=\"wp-block-image size-full\"><img loading=\"lazy\" decoding=\"async\" width=\"1024\" height=\"602\" src=\"http:\/\/okrok.fun\/wp-content\/uploads\/2022\/03\/IMG_3706.jpg\" alt=\"\" class=\"wp-image-688\" srcset=\"http:\/\/okrok.fun\/wp-content\/uploads\/2022\/03\/IMG_3706.jpg 1024w, http:\/\/okrok.fun\/wp-content\/uploads\/2022\/03\/IMG_3706-300x176.jpg 300w, http:\/\/okrok.fun\/wp-content\/uploads\/2022\/03\/IMG_3706-768x452.jpg 768w, http:\/\/okrok.fun\/wp-content\/uploads\/2022\/03\/IMG_3706-850x500.jpg 850w\" sizes=\"(max-width: 1024px) 100vw, 1024px\" \/><\/figure>\n\n\n\n<p>Palace in Owi\u0144ska.<\/p>\n\n\n\n<p>When you enter Owi\u0144ska from the south, you will immediately notice a large palace situated by a pond, in whose waters the greatness of soybeans is reflected. That&#8217;s pretty much all that is left of its splendor &#8211; the size of the building. The village was mentioned for the first time in 1242, when the Duke of Greater Poland Przemys\u0142aw I founded a Cistercian convent in Owi\u0144ska, as well as the church of Blessed Virgin Mary and Saint John the Baptist. The village was originally called Ovensko, and meanwhile also '\u0141owi\u0144ska&#8217;, and during the Second World War the village was called Treskau. <\/p>\n\n\n\n<figure class=\"wp-block-image size-full\"><img loading=\"lazy\" decoding=\"async\" width=\"1024\" height=\"665\" src=\"http:\/\/okrok.fun\/wp-content\/uploads\/2022\/03\/IMG_3709.jpg\" alt=\"\" class=\"wp-image-689\" srcset=\"http:\/\/okrok.fun\/wp-content\/uploads\/2022\/03\/IMG_3709.jpg 1024w, http:\/\/okrok.fun\/wp-content\/uploads\/2022\/03\/IMG_3709-300x195.jpg 300w, http:\/\/okrok.fun\/wp-content\/uploads\/2022\/03\/IMG_3709-768x499.jpg 768w, http:\/\/okrok.fun\/wp-content\/uploads\/2022\/03\/IMG_3709-850x552.jpg 850w\" sizes=\"(max-width: 1024px) 100vw, 1024px\" \/><\/figure>\n\n\n\n<p>The history of Owi\u0144ska, the monastery and other interesting objects located here is long. We are interested in the palace of the von Treskow family. In 1797, the Prussian government liquidated the monastery and gave its goods to the banker and nobleman from Berlin, Sigmund Otto von Treskow, who built his seat here. The von Treskow family owned many estates in Greater Poland, apart from Owi\u0144ska they also had Radojewo, Wierzonka, Chludowo, Biedrusko, Nieszawa, Morasko and Knyszyn. It must be reflected that they were good hosts and managed their property in a modern way for those times. <\/p>\n\n\n\n<figure class=\"wp-block-image size-full\"><img loading=\"lazy\" decoding=\"async\" width=\"1024\" height=\"517\" src=\"http:\/\/okrok.fun\/wp-content\/uploads\/2022\/03\/IMG_3712.jpg\" alt=\"\" class=\"wp-image-690\" srcset=\"http:\/\/okrok.fun\/wp-content\/uploads\/2022\/03\/IMG_3712.jpg 1024w, http:\/\/okrok.fun\/wp-content\/uploads\/2022\/03\/IMG_3712-300x151.jpg 300w, http:\/\/okrok.fun\/wp-content\/uploads\/2022\/03\/IMG_3712-768x388.jpg 768w, http:\/\/okrok.fun\/wp-content\/uploads\/2022\/03\/IMG_3712-850x429.jpg 850w\" sizes=\"(max-width: 1024px) 100vw, 1024px\" \/><\/figure>\n\n\n\n<p>During World War II, the Germans arranged a torture room in the huge cellars of the palace. After the Germans withdrew, the palace served as a center for orphans of the Warsaw Uprising. After the orphanage was moved, a primary school and a kindergarten were established here. The palace functioned as a public utility facility, but in 1997 it was sold for 500,000 zlotys to a private person who claimed to be an admirer and restorer of monuments. It was then completely stripped of everything that could be removed with stucco parquet, including. So it had to be a real admirer of monuments! Now the palace is relatively secured and put up for sale again for PLN 2.7 million together with a 16 hectare park. It does not seem like much for such an object, but how much would it cost to bring it to a state of splendor, better not to ask. The palace was even seen by Wojciech Fibak, but he did not buy it. Well, architecture has collapsed.<\/p>\n\n\n\n<figure class=\"wp-block-image size-full\"><img loading=\"lazy\" decoding=\"async\" width=\"1024\" height=\"683\" src=\"http:\/\/okrok.fun\/wp-content\/uploads\/2022\/03\/IMG_3710.jpg\" alt=\"\" class=\"wp-image-691\" srcset=\"http:\/\/okrok.fun\/wp-content\/uploads\/2022\/03\/IMG_3710.jpg 1024w, http:\/\/okrok.fun\/wp-content\/uploads\/2022\/03\/IMG_3710-300x200.jpg 300w, http:\/\/okrok.fun\/wp-content\/uploads\/2022\/03\/IMG_3710-768x512.jpg 768w, http:\/\/okrok.fun\/wp-content\/uploads\/2022\/03\/IMG_3710-850x567.jpg 850w\" sizes=\"(max-width: 1024px) 100vw, 1024px\" \/><\/figure>\n\n\n\n<p><mark style=\"background-color:rgba(0, 0, 0, 0)\" class=\"has-inline-color has-vivid-red-color\">P<strong>a\u0142ac w Ch\u0142apowie, woj., wielkopolskie.<\/strong><\/mark><\/p>\n\n\n\n<p>Zosta\u0142 wybudowany dla Gustawa, Witolda Potworowskiego i jego \u017cony Marii z Rado\u0144skich herbu Jasie\u0144czyk w latach 1864-1868. W drugiej po\u0142owie XIX stulecia Ch\u0142apowo kupi\u0142 Stefan Ch\u0142apowski (syn Emilii z Koczorowskich i Jana Anzelma Ch\u0142apowskiego) z Bonikowa. <\/p>\n\n\n\n<figure class=\"wp-block-image size-full\"><img loading=\"lazy\" decoding=\"async\" width=\"1024\" height=\"641\" src=\"http:\/\/okrok.fun\/wp-content\/uploads\/2022\/03\/IMG_1086.jpg\" alt=\"\" class=\"wp-image-655\" srcset=\"http:\/\/okrok.fun\/wp-content\/uploads\/2022\/03\/IMG_1086.jpg 1024w, http:\/\/okrok.fun\/wp-content\/uploads\/2022\/03\/IMG_1086-300x188.jpg 300w, http:\/\/okrok.fun\/wp-content\/uploads\/2022\/03\/IMG_1086-768x481.jpg 768w, http:\/\/okrok.fun\/wp-content\/uploads\/2022\/03\/IMG_1086-850x532.jpg 850w\" sizes=\"(max-width: 1024px) 100vw, 1024px\" \/><\/figure>\n\n\n\n<figure class=\"wp-block-image size-full\"><img loading=\"lazy\" decoding=\"async\" width=\"1024\" height=\"433\" src=\"http:\/\/okrok.fun\/wp-content\/uploads\/2022\/03\/IMG_1084.jpg\" alt=\"\" class=\"wp-image-656\" srcset=\"http:\/\/okrok.fun\/wp-content\/uploads\/2022\/03\/IMG_1084.jpg 1024w, http:\/\/okrok.fun\/wp-content\/uploads\/2022\/03\/IMG_1084-300x127.jpg 300w, http:\/\/okrok.fun\/wp-content\/uploads\/2022\/03\/IMG_1084-768x325.jpg 768w, http:\/\/okrok.fun\/wp-content\/uploads\/2022\/03\/IMG_1084-850x359.jpg 850w\" sizes=\"(max-width: 1024px) 100vw, 1024px\" \/><\/figure>\n\n\n\n<p>Stefan, \u017conaty z Mari\u0105 z Poni\u0144skich by\u0142 prawdopodobnie wsp\u00f3\u0142za\u0142o\u017cycielem i pierwszym prezesem zarz\u0105du nowoczesnej sp\u00f3\u0142dzielni mleczarskiej w Ko\u015bcianie. W 1926 roku maj\u0105tek w Ch\u0142apowie zosta\u0142 sprzedany Stanis\u0142awowi Maciejewskiemu. Pan Stanis\u0142aw prowadzi\u0142 w maj\u0105tku szk\u00f3\u0142k\u0119 nasion buraczanych oraz hodowl\u0119 trzody chlewnej rasy Cornwal a tak\u017ce byd\u0142a mlecznego i opasowego. Stanis\u0142aw Maciejewski planowa\u0142 tak\u017ce zaj\u0105\u0107 si\u0119 jedwabnictwem.<\/p>\n\n\n\n<figure class=\"wp-block-image size-full\"><img loading=\"lazy\" decoding=\"async\" width=\"853\" height=\"900\" src=\"http:\/\/okrok.fun\/wp-content\/uploads\/2022\/03\/IMG_1087.jpg\" alt=\"\" class=\"wp-image-657\" srcset=\"http:\/\/okrok.fun\/wp-content\/uploads\/2022\/03\/IMG_1087.jpg 853w, http:\/\/okrok.fun\/wp-content\/uploads\/2022\/03\/IMG_1087-284x300.jpg 284w, http:\/\/okrok.fun\/wp-content\/uploads\/2022\/03\/IMG_1087-768x810.jpg 768w, http:\/\/okrok.fun\/wp-content\/uploads\/2022\/03\/IMG_1087-300x317.jpg 300w, http:\/\/okrok.fun\/wp-content\/uploads\/2022\/03\/IMG_1087-850x897.jpg 850w\" sizes=\"(max-width: 853px) 100vw, 853px\" \/><\/figure>\n\n\n\n<p> W tym celu, w 1927 roku, sprowadzi\u0142 i zasadzi\u0142 ponad 120 drzew morwowych. Obecnie dw\u00f3r stoi pusty. Z porozrzucanych tu i \u00f3wdzie artefakt\u00f3w wida\u0107, \u017ce okresowo wykorzystuj\u0105 go okoliczni smakosze napoj\u00f3w procentowych.<\/p>\n\n\n\n<figure class=\"wp-block-image size-full\"><img loading=\"lazy\" decoding=\"async\" width=\"497\" height=\"900\" src=\"http:\/\/okrok.fun\/wp-content\/uploads\/2022\/03\/IMG_1089.jpg\" alt=\"\" class=\"wp-image-658\" srcset=\"http:\/\/okrok.fun\/wp-content\/uploads\/2022\/03\/IMG_1089.jpg 497w, http:\/\/okrok.fun\/wp-content\/uploads\/2022\/03\/IMG_1089-166x300.jpg 166w, http:\/\/okrok.fun\/wp-content\/uploads\/2022\/03\/IMG_1089-300x543.jpg 300w\" sizes=\"(max-width: 497px) 100vw, 497px\" \/><\/figure>\n\n\n\n<p>Palace in Ch\u0142apowo, province, Greater Poland.<\/p>\n\n\n\n<p>It was built for Gustaw, Witold Potworowski and his wife Maria Rado\u0144ska of the Jasie\u0144czyk coat of arms in the years 1864-1868. In the second half of the 19th century Ch\u0142apowo was bought by Stefan Ch\u0142apowski (son of Emilia n\u00e9e Koczorowska and Jan Anzelm Ch\u0142apowski) from Bonikowo. <\/p>\n\n\n\n<figure class=\"wp-block-image size-full\"><img loading=\"lazy\" decoding=\"async\" width=\"1024\" height=\"555\" src=\"http:\/\/okrok.fun\/wp-content\/uploads\/2022\/03\/IMG_1090.jpg\" alt=\"\" class=\"wp-image-659\" srcset=\"http:\/\/okrok.fun\/wp-content\/uploads\/2022\/03\/IMG_1090.jpg 1024w, http:\/\/okrok.fun\/wp-content\/uploads\/2022\/03\/IMG_1090-300x163.jpg 300w, http:\/\/okrok.fun\/wp-content\/uploads\/2022\/03\/IMG_1090-768x416.jpg 768w, http:\/\/okrok.fun\/wp-content\/uploads\/2022\/03\/IMG_1090-850x461.jpg 850w\" sizes=\"(max-width: 1024px) 100vw, 1024px\" \/><\/figure>\n\n\n\n<p>Stefan, married to Maria n\u00e9e Poni\u0144ski, was probably the co-founder and first president of the board of a modern dairy cooperative in Ko\u015bcian. In 1926 the estate in Ch\u0142apowo was sold to Stanis\u0142aw Maciejewski. Mr. Stanis\u0142aw ran a beet seed nursery on the estate and farmed Cornwal pigs as well as dairy and fattening cattle. Stanis\u0142aw Maciejewski also planned to deal with silk production. To this end, in 1927, he imported and planted over 120 mulberry trees. Currently, the manor house is empty. <\/p>\n\n\n\n<figure class=\"wp-block-image size-full\"><img loading=\"lazy\" decoding=\"async\" width=\"1024\" height=\"496\" src=\"http:\/\/okrok.fun\/wp-content\/uploads\/2022\/03\/IMG_1091.jpg\" alt=\"\" class=\"wp-image-660\" srcset=\"http:\/\/okrok.fun\/wp-content\/uploads\/2022\/03\/IMG_1091.jpg 1024w, http:\/\/okrok.fun\/wp-content\/uploads\/2022\/03\/IMG_1091-300x145.jpg 300w, http:\/\/okrok.fun\/wp-content\/uploads\/2022\/03\/IMG_1091-768x372.jpg 768w, http:\/\/okrok.fun\/wp-content\/uploads\/2022\/03\/IMG_1091-850x412.jpg 850w\" sizes=\"(max-width: 1024px) 100vw, 1024px\" \/><\/figure>\n\n\n\n<p>From the artifacts scattered around here and there, you can see that it is periodically used by local gourmets of interest drinks.<\/p>\n\n\n\n<p><\/p>\n\n\n\n<p><strong><mark style=\"background-color:rgba(0, 0, 0, 0)\" class=\"has-inline-color has-vivid-red-color\">Dworek w \u0141opuchowie ko\u0142o Murowanej Go\u015bliny.<\/mark><\/strong><\/p>\n\n\n\n<p>Zosta\u0142 zbudowany w 1780 roku. Nazwa \u0141opuchowo pochodzi prawdopodobnie od \u0142opianu rosn\u0105cego w du\u017cych ilo\u015bciach w okolicy lub te\u017c od mieszkaj\u0105cego tu niegdy\u015b kmiecia o imieniu lub przezwisku \u0141opuch.<\/p>\n\n\n\n<figure class=\"wp-block-image size-full\"><img loading=\"lazy\" decoding=\"async\" width=\"1024\" height=\"695\" src=\"http:\/\/okrok.fun\/wp-content\/uploads\/2022\/03\/IMG_1443.jpg\" alt=\"\" class=\"wp-image-630\" srcset=\"http:\/\/okrok.fun\/wp-content\/uploads\/2022\/03\/IMG_1443.jpg 1024w, http:\/\/okrok.fun\/wp-content\/uploads\/2022\/03\/IMG_1443-300x204.jpg 300w, http:\/\/okrok.fun\/wp-content\/uploads\/2022\/03\/IMG_1443-768x521.jpg 768w, http:\/\/okrok.fun\/wp-content\/uploads\/2022\/03\/IMG_1443-850x577.jpg 850w\" sizes=\"(max-width: 1024px) 100vw, 1024px\" \/><\/figure>\n\n\n\n<p> W\u0142a\u015bcicielami \u0141opuchowa by\u0142a rodzina Swiniarskich i to oni wybudowali dw\u00f3r szachulcowy. W 1806 roku dobra odkupi\u0142 Ksawery Ch\u0142apowski, kt\u00f3ry dokona\u0142 rozbudowy dworu. Posiada\u0142 on wie\u017cyczk\u0119 na kalenicy i mansardowy dach. Kolejnymi w\u0142a\u015bcicielami by\u0142y rodziny Luter i Moserach Po 1945 roku przeszed\u0142 w u\u017cytkowanie sp\u00f3\u0142dzielni rolniczej. <\/p>\n\n\n\n<figure class=\"wp-block-image size-full\"><img loading=\"lazy\" decoding=\"async\" width=\"1024\" height=\"549\" src=\"http:\/\/okrok.fun\/wp-content\/uploads\/2022\/03\/IMG_1447.jpg\" alt=\"\" class=\"wp-image-622\" srcset=\"http:\/\/okrok.fun\/wp-content\/uploads\/2022\/03\/IMG_1447.jpg 1024w, http:\/\/okrok.fun\/wp-content\/uploads\/2022\/03\/IMG_1447-300x161.jpg 300w, http:\/\/okrok.fun\/wp-content\/uploads\/2022\/03\/IMG_1447-768x412.jpg 768w, http:\/\/okrok.fun\/wp-content\/uploads\/2022\/03\/IMG_1447-850x456.jpg 850w\" sizes=\"(max-width: 1024px) 100vw, 1024px\" \/><\/figure>\n\n\n\n<p>Obecnie w ca\u0142kowitej ruinie z zaniedbanym parkiem. By\u0142 to jeden z nielicznych przyk\u0142ad\u00f3w architektury baroku Wielkopolskiego o konstrukcji szachulcowej. Jak wida\u0107 nie potrzeba nalot\u00f3w i wojen wystarczy ludzka ignorancja i brak poszanowania dziedzictwa przodk\u00f3w.<\/p>\n\n\n\n<figure class=\"wp-block-image size-full\"><img loading=\"lazy\" decoding=\"async\" width=\"1024\" height=\"683\" src=\"http:\/\/okrok.fun\/wp-content\/uploads\/2022\/03\/IMG_1451.jpg\" alt=\"\" class=\"wp-image-623\" srcset=\"http:\/\/okrok.fun\/wp-content\/uploads\/2022\/03\/IMG_1451.jpg 1024w, http:\/\/okrok.fun\/wp-content\/uploads\/2022\/03\/IMG_1451-300x200.jpg 300w, http:\/\/okrok.fun\/wp-content\/uploads\/2022\/03\/IMG_1451-768x512.jpg 768w, http:\/\/okrok.fun\/wp-content\/uploads\/2022\/03\/IMG_1451-850x567.jpg 850w\" sizes=\"(max-width: 1024px) 100vw, 1024px\" \/><\/figure>\n\n\n\n<p>A manor house in \u0141opuch\u00f3w near Murowana Go\u015blina.<\/p>\n\n\n\n<p>It was built in 1780. The name \u0141opuchowo probably comes from a burdock that grows in large numbers in the area or from a peasant named \u0141opuch who once lived here. The owners of \u0141opuch\u00f3w were the Swiniarski family and they built the half-timbered manor. In 1806, the property was bought by Ksawery Ch\u0142apowski, who expanded the manor. It had a ridge turret and a mansard roof. The next owners were the Luther and Moserach families. <\/p>\n\n\n\n<figure class=\"wp-block-image size-full\"><img loading=\"lazy\" decoding=\"async\" width=\"1024\" height=\"807\" src=\"http:\/\/okrok.fun\/wp-content\/uploads\/2022\/03\/IMG_1458.jpg\" alt=\"\" class=\"wp-image-626\" srcset=\"http:\/\/okrok.fun\/wp-content\/uploads\/2022\/03\/IMG_1458.jpg 1024w, http:\/\/okrok.fun\/wp-content\/uploads\/2022\/03\/IMG_1458-300x236.jpg 300w, http:\/\/okrok.fun\/wp-content\/uploads\/2022\/03\/IMG_1458-768x605.jpg 768w, http:\/\/okrok.fun\/wp-content\/uploads\/2022\/03\/IMG_1458-850x670.jpg 850w\" sizes=\"(max-width: 1024px) 100vw, 1024px\" \/><\/figure>\n\n\n\n<figure class=\"wp-block-image size-full\"><img loading=\"lazy\" decoding=\"async\" width=\"1024\" height=\"683\" src=\"http:\/\/okrok.fun\/wp-content\/uploads\/2022\/03\/IMG_1452.jpg\" alt=\"\" class=\"wp-image-624\" srcset=\"http:\/\/okrok.fun\/wp-content\/uploads\/2022\/03\/IMG_1452.jpg 1024w, http:\/\/okrok.fun\/wp-content\/uploads\/2022\/03\/IMG_1452-300x200.jpg 300w, http:\/\/okrok.fun\/wp-content\/uploads\/2022\/03\/IMG_1452-768x512.jpg 768w, http:\/\/okrok.fun\/wp-content\/uploads\/2022\/03\/IMG_1452-850x567.jpg 850w\" sizes=\"(max-width: 1024px) 100vw, 1024px\" \/><\/figure>\n\n\n\n<p>After 1945, it was used by an agricultural cooperative. Currently in total ruin with a neglected park. It was one of the few examples of the Wielkopolska baroque architecture with a half-timbered structure. As you can see, you don&#8217;t need air raids and wars, all you need is human ignorance and the lack of respect for the heritage of your ancestors.<\/p>\n\n\n\n<figure class=\"wp-block-image size-full\"><img loading=\"lazy\" decoding=\"async\" width=\"595\" height=\"914\" src=\"http:\/\/okrok.fun\/wp-content\/uploads\/2022\/03\/IMG_1453.jpg\" alt=\"\" class=\"wp-image-625\" srcset=\"http:\/\/okrok.fun\/wp-content\/uploads\/2022\/03\/IMG_1453.jpg 595w, http:\/\/okrok.fun\/wp-content\/uploads\/2022\/03\/IMG_1453-195x300.jpg 195w, http:\/\/okrok.fun\/wp-content\/uploads\/2022\/03\/IMG_1453-300x461.jpg 300w\" sizes=\"(max-width: 595px) 100vw, 595px\" \/><\/figure>\n\n\n\n<figure class=\"wp-block-gallery has-nested-images columns-default is-cropped wp-block-gallery-1 is-layout-flex wp-block-gallery-is-layout-flex\">\n<figure class=\"wp-block-image size-large\"><img loading=\"lazy\" decoding=\"async\" width=\"1024\" height=\"614\" data-id=\"627\" src=\"http:\/\/okrok.fun\/wp-content\/uploads\/2022\/03\/IMG_1454.jpg\" alt=\"\" class=\"wp-image-627\" srcset=\"http:\/\/okrok.fun\/wp-content\/uploads\/2022\/03\/IMG_1454.jpg 1024w, http:\/\/okrok.fun\/wp-content\/uploads\/2022\/03\/IMG_1454-300x180.jpg 300w, http:\/\/okrok.fun\/wp-content\/uploads\/2022\/03\/IMG_1454-768x461.jpg 768w, http:\/\/okrok.fun\/wp-content\/uploads\/2022\/03\/IMG_1454-850x510.jpg 850w\" sizes=\"(max-width: 1024px) 100vw, 1024px\" \/><\/figure>\n<\/figure>\n\n\n\n<p><mark style=\"background-color:rgba(0, 0, 0, 0)\" class=\"has-inline-color has-vivid-red-color\"><strong>Dw\u00f3r w Jab\u0142kowie, woj. wielkopolskie.<\/strong><\/mark><\/p>\n\n\n\n<p>Wreszcie jaki\u015b s\u0142oneczny dzie\u0144! W prawdzie trzynasty, ale to niedziela nie pi\u0105tek, wi\u0119c ruszyli\u015bmy na pierwsz\u0105 w tym roku wypraw\u0119. Tym razem droga zawiod\u0142a nas do Jab\u0142kowa. Po drodze min\u0119li\u015bmy Pobiedziska, G\u0142\u00f3wienka (cuchn\u0105ca nazwa, na szcz\u0119\u015bcie tylko nazwa), dw\u00f3r Rybieniec \u2013 niebawem te\u017c o nim napiszemy, a\u017c dotarli\u015bmy do celu nasze kr\u00f3tkiej podr\u00f3\u017cy.<\/p>\n\n\n\n<figure class=\"wp-block-image size-full\"><img loading=\"lazy\" decoding=\"async\" width=\"1024\" height=\"682\" src=\"http:\/\/okrok.fun\/wp-content\/uploads\/2022\/02\/IMG_6633-1.jpg\" alt=\"\" class=\"wp-image-518\" srcset=\"http:\/\/okrok.fun\/wp-content\/uploads\/2022\/02\/IMG_6633-1.jpg 1024w, http:\/\/okrok.fun\/wp-content\/uploads\/2022\/02\/IMG_6633-1-300x200.jpg 300w, http:\/\/okrok.fun\/wp-content\/uploads\/2022\/02\/IMG_6633-1-768x512.jpg 768w, http:\/\/okrok.fun\/wp-content\/uploads\/2022\/02\/IMG_6633-1-850x566.jpg 850w\" sizes=\"(max-width: 1024px) 100vw, 1024px\" \/><\/figure>\n\n\n\n<p>Pocz\u0105tki wsi Jab\u0142kowo to rok 1399, by\u0142a ona w\u0142asno\u015bci\u0105 arcybiskup\u00f3w gnie\u017anie\u0144skich (za Planem Odnowy Wsi). Jednak pierwsz\u0105 informacj\u0105 o Jab\u0142kowie w regestach ziemskich znajdujemy dopiero w 1423 roku. M\u00f3wi ona o 20 grzywnach posagu, jakie Ders\u0142aw z Jab\u0142kowa ma zap\u0142aci\u0107 Przechnie &#8211; \u017conie Macieja ze Stawian. Ten\u017ce Ders\u0142aw by\u0142 p\u00f3\u017aniej fundatorem pierwszego ko\u015bcio\u0142a w Jab\u0142kowie, wybudowanego w 1441 roku. Mia\u0142 c\u00f3rk\u0119 Sadk\u0119, zam\u0119\u017cn\u0105 z Andrzejem z Cerekwicy (k. \u017bnina), w\u0142a\u015bcicielem S\u0142\u0119bowa. Z czasem wykszta\u0142ci\u0142o si\u0119 nazwisko Jab\u0142kowskich, dla kt\u00f3rych wie\u015b sta\u0142a si\u0119 gniazdem rodowym. Po tym czasie by\u0142o jeszcze wielu w\u0142a\u015bcicieli tej\u017ce wsi. Nie spos\u00f3b wymienia\u0107 wszystkich, ich koligacji i ma\u0142\u017ce\u0144stw, roszcze\u0144, praw itd.<\/p>\n\n\n\n<figure class=\"wp-block-image size-full\"><img loading=\"lazy\" decoding=\"async\" width=\"1024\" height=\"683\" src=\"http:\/\/okrok.fun\/wp-content\/uploads\/2022\/02\/IMG_6637.jpg\" alt=\"\" class=\"wp-image-519\" srcset=\"http:\/\/okrok.fun\/wp-content\/uploads\/2022\/02\/IMG_6637.jpg 1024w, http:\/\/okrok.fun\/wp-content\/uploads\/2022\/02\/IMG_6637-300x200.jpg 300w, http:\/\/okrok.fun\/wp-content\/uploads\/2022\/02\/IMG_6637-768x512.jpg 768w, http:\/\/okrok.fun\/wp-content\/uploads\/2022\/02\/IMG_6637-850x567.jpg 850w\" sizes=\"(max-width: 1024px) 100vw, 1024px\" \/><\/figure>\n\n\n\n<p>My znale\u017ali\u015bmy bardzo cenne \u017ar\u00f3d\u0142o informacji w pobliskim sklepie. Bardzo mi\u0142a pani ch\u0119tnie opowiedzia\u0142a nam wszystko co wie o dworze. O Fundacji Pomocy Dzieciom Wiejskim, kt\u00f3ra rozpocz\u0119\u0142a remontowa\u0107 obiekt, mia\u0142 si\u0119 w nim znale\u017a\u0107 Dom Kultury, w kt\u00f3rym dzieci, m\u0142odzie\u017c i doro\u015bli mogliby rozwija\u0107 i doskonali\u0107 swe talenty. Okna wymienione, dach naprawiony, a w \u015brodku na piach brak posadzek, go\u0142e ceg\u0142y na \u015bcianach. Jakie\u015b wydruki walaj\u0105 si\u0119 po ziemi. Wielki baniak po formalinie. A\u017c strach zajrze\u0107 do piwnic. Kamienna podmur\u00f3wka dworu \u015bwiadczy o tym ,\u017ce m\u00f3g\u0142 tu sta\u0107 jego starszy poprzednik. W dawnym parku stoj\u0105 repliki dom\u00f3w krytych strzech\u0105. Jak opowiada pani sprzedawczyni. Prowadzono tu zaj\u0119cia lepienia z gliny, jakie\u015b warsztaty sztuki dla dzieci. Wszystko upad\u0142o dzi\u015b m\u0142odzie\u017c w tych opuszczonych budynkach najprawdopodobniej te\u017c prowadzi warsztaty, ale raczej p\u00f3\u017an\u0105 por\u0105 i s\u0105dz\u0105c po walaj\u0105cych si\u0119 tam przedmiotach nie s\u0105 to warsztaty sztuki.<\/p>\n\n\n\n<figure class=\"wp-block-image size-full\"><img loading=\"lazy\" decoding=\"async\" width=\"1024\" height=\"683\" src=\"http:\/\/okrok.fun\/wp-content\/uploads\/2022\/02\/IMG_6611.jpg\" alt=\"\" class=\"wp-image-520\" srcset=\"http:\/\/okrok.fun\/wp-content\/uploads\/2022\/02\/IMG_6611.jpg 1024w, http:\/\/okrok.fun\/wp-content\/uploads\/2022\/02\/IMG_6611-300x200.jpg 300w, http:\/\/okrok.fun\/wp-content\/uploads\/2022\/02\/IMG_6611-768x512.jpg 768w, http:\/\/okrok.fun\/wp-content\/uploads\/2022\/02\/IMG_6611-850x567.jpg 850w\" sizes=\"(max-width: 1024px) 100vw, 1024px\" \/><\/figure>\n\n\n\n<figure class=\"wp-block-image size-full\"><img loading=\"lazy\" decoding=\"async\" width=\"600\" height=\"900\" src=\"http:\/\/okrok.fun\/wp-content\/uploads\/2022\/02\/IMG_6612.jpg\" alt=\"\" class=\"wp-image-521\" srcset=\"http:\/\/okrok.fun\/wp-content\/uploads\/2022\/02\/IMG_6612.jpg 600w, http:\/\/okrok.fun\/wp-content\/uploads\/2022\/02\/IMG_6612-200x300.jpg 200w, http:\/\/okrok.fun\/wp-content\/uploads\/2022\/02\/IMG_6612-300x450.jpg 300w\" sizes=\"(max-width: 600px) 100vw, 600px\" \/><\/figure>\n\n\n\n<p>W ka\u017cdym razie od roku Jab\u0142kowo 1823 nale\u017ca\u0142o do Jana Brzeskiego herbu Oksza i jego \u017cony Katarzyny z Nie\u017cychowskich.&nbsp;Jan, odbywa\u0142 nauki w Berlinie. W 1807 roku w Popowie Ko\u015bcielnym po\u015blubi\u0142 jedena\u015bcie lat m\u0142odsz\u0105 Katarzyn\u0119 Nie\u017cychowsk\u0105. Mieli gromadk\u0119 dzieci. Jan, jako oficer, uczestniczy\u0142 w kampanii 1830 roku. Odznaczony zosta\u0142 krzy\u017cem Virtuti Militari. Wi\u0119c nale\u017cy z tego wnosi\u0107, \u017ce walczy\u0142 dzielnie.<\/p>\n\n\n\n<figure class=\"wp-block-image size-full\"><img loading=\"lazy\" decoding=\"async\" width=\"587\" height=\"900\" src=\"http:\/\/okrok.fun\/wp-content\/uploads\/2022\/02\/IMG_6630.jpg\" alt=\"\" class=\"wp-image-522\" srcset=\"http:\/\/okrok.fun\/wp-content\/uploads\/2022\/02\/IMG_6630.jpg 587w, http:\/\/okrok.fun\/wp-content\/uploads\/2022\/02\/IMG_6630-196x300.jpg 196w, http:\/\/okrok.fun\/wp-content\/uploads\/2022\/02\/IMG_6630-300x460.jpg 300w\" sizes=\"(max-width: 587px) 100vw, 587px\" \/><\/figure>\n\n\n\n<p>Maj\u0105tek po rodzicach odziedziczy\u0142 m\u0142odszy syn, Leonard, kt\u00f3ry w 1842 roku w ko\u015bciele \u015bw. Wojciecha w Poznaniu po\u015blubi\u0142&nbsp; Rozali\u0105 Rado\u0144sk\u0105, matk\u0119 swej wtedy ju\u017c rocznej c\u00f3rki. W rok po \u015blubie Rozalia zmar\u0142a, prawdopodobnie przy porodzie nast\u0119pnych dzieci \u2013 podobno bli\u017aniaczek. Leonard odczekawszy \u201estosowny czas\u201d&nbsp; ponownie o\u017ceni\u0142 si\u0119&nbsp; z Michalin\u0105 Moszcze\u0144sk\u0105. Leonard i Michalina do\u017cyli s\u0119dziwego wieku. Oboje zostali pochowani w kaplicy grobowej Brzeskich na cmentarzu przy ko\u015bciele w Jab\u0142kowie.<\/p>\n\n\n\n<figure class=\"wp-block-image size-full\"><img loading=\"lazy\" decoding=\"async\" width=\"610\" height=\"900\" src=\"http:\/\/okrok.fun\/wp-content\/uploads\/2022\/02\/IMG_6610-1.jpg\" alt=\"\" class=\"wp-image-523\" srcset=\"http:\/\/okrok.fun\/wp-content\/uploads\/2022\/02\/IMG_6610-1.jpg 610w, http:\/\/okrok.fun\/wp-content\/uploads\/2022\/02\/IMG_6610-1-203x300.jpg 203w, http:\/\/okrok.fun\/wp-content\/uploads\/2022\/02\/IMG_6610-1-300x443.jpg 300w\" sizes=\"(max-width: 610px) 100vw, 610px\" \/><\/figure>\n\n\n\n<p>Ich c\u00f3rka, Boles\u0142awa Brzeska (z m\u0119\u017ca&nbsp; hrabina Kazimierzowa Poni\u0144ska herbu \u0141odzia) odziedziczy\u0142a&nbsp; po rodzicach Jab\u0142kowo. Przekaza\u0142a&nbsp; je, wtedy ju\u017c zam\u0119\u017cnej, c\u00f3rce Izabelli&nbsp;lub El\u017cbiecie, \u017ar\u00f3d\u0142a nie s\u0105 zgodne z Poni\u0144skich Zaborowskiej. Izabella by\u0142a zapalonym kierowc\u0105 szybkich samochod\u00f3w. Jeden z tych bolid\u00f3w by\u0142 przyczyn\u0105 jej \u015bmierci w 1934 roku.&nbsp; Zgin\u0119\u0142a w wypadku, pod G\u0142uchowem, maj\u0105tkiem nale\u017c\u0105cym do jej m\u0119\u017ca, Lecha Zaborowskiego herbu Grzyma\u0142a. Zosta\u0142a pochowana w rodzinnym grobowcu w Jab\u0142kowie. Grobowiec upada. Spad\u0142 dach, a wewn\u0105trz strasz\u0105 metalowe trumny ze szcz\u0105tkami rodziny Brzeskich. O ko\u015bciele i grobowcu napiszemy osobo.<\/p>\n\n\n\n<figure class=\"wp-block-image size-full\"><img loading=\"lazy\" decoding=\"async\" width=\"1024\" height=\"683\" src=\"http:\/\/okrok.fun\/wp-content\/uploads\/2022\/02\/IMG_6606.jpg\" alt=\"\" class=\"wp-image-524\" srcset=\"http:\/\/okrok.fun\/wp-content\/uploads\/2022\/02\/IMG_6606.jpg 1024w, http:\/\/okrok.fun\/wp-content\/uploads\/2022\/02\/IMG_6606-300x200.jpg 300w, http:\/\/okrok.fun\/wp-content\/uploads\/2022\/02\/IMG_6606-768x512.jpg 768w, http:\/\/okrok.fun\/wp-content\/uploads\/2022\/02\/IMG_6606-850x567.jpg 850w\" sizes=\"(max-width: 1024px) 100vw, 1024px\" \/><\/figure>\n\n\n\n<p>Do wybuchu II wojny Jab\u0142kowem zarz\u0105dza\u0142 owdowia\u0142y Lech Zaborowski. W czasie wojny&nbsp; Lech zosta\u0142 wysiedlony , a wie\u015b dosta\u0142a si\u0119 niemieckiemu zarz\u0105dcy nazwiskiem Schneider. Lech Zaborowski zmar\u0142 w Zamo\u015bciu w 1940 roku.<\/p>\n\n\n\n<figure class=\"wp-block-image size-full\"><img loading=\"lazy\" decoding=\"async\" width=\"600\" height=\"900\" src=\"http:\/\/okrok.fun\/wp-content\/uploads\/2022\/02\/IMG_6635-1.jpg\" alt=\"\" class=\"wp-image-525\" srcset=\"http:\/\/okrok.fun\/wp-content\/uploads\/2022\/02\/IMG_6635-1.jpg 600w, http:\/\/okrok.fun\/wp-content\/uploads\/2022\/02\/IMG_6635-1-200x300.jpg 200w, http:\/\/okrok.fun\/wp-content\/uploads\/2022\/02\/IMG_6635-1-300x450.jpg 300w\" sizes=\"(max-width: 600px) 100vw, 600px\" \/><\/figure>\n\n\n\n<p>Dw\u00f3r nie jest jednorodny. Do starszej, parterowej cz\u0119\u015bci, dobudowano p\u00f3\u017aniejsz\u0105, dwukondygnacyjn\u0105, nakryta p\u0142askim dachem, z ozdobnymi balustradami. Starsza cz\u0119\u015b\u0107 nakryta jest nacz\u00f3\u0142kowym dachem z mansardowymi wstawkami&nbsp;o p\u00f3\u0142okr\u0105g\u0142ych okienkach w szczytach. W fasadzie umieszczone s\u0105 dwa wej\u015bcia.<\/p>\n\n\n\n<figure class=\"wp-block-image size-full\"><img loading=\"lazy\" decoding=\"async\" width=\"1024\" height=\"683\" src=\"http:\/\/okrok.fun\/wp-content\/uploads\/2022\/02\/IMG_6625.jpg\" alt=\"\" class=\"wp-image-526\" srcset=\"http:\/\/okrok.fun\/wp-content\/uploads\/2022\/02\/IMG_6625.jpg 1024w, http:\/\/okrok.fun\/wp-content\/uploads\/2022\/02\/IMG_6625-300x200.jpg 300w, http:\/\/okrok.fun\/wp-content\/uploads\/2022\/02\/IMG_6625-768x512.jpg 768w, http:\/\/okrok.fun\/wp-content\/uploads\/2022\/02\/IMG_6625-850x567.jpg 850w\" sizes=\"(max-width: 1024px) 100vw, 1024px\" \/><\/figure>\n\n\n\n<p>Po drugiej wojnie \u015bwiatowej dobra zosta\u0142y przej\u0119te przez Skarb Pa\u0144stwa Polskiego, a na ich terenie utworzono Pa\u0144stwowe Gospodarstwo Rolne, podleg\u0142e zak\u0142adowi w Popowie Ko\u015bcielnym. Po przymusowej likwidacji PGR-u pozosta\u0142o\u015bci dawnego maj\u0105tku przesz\u0142y pod zarz\u0105d AWRSP i pozostawa\u0142y w dzier\u017cawie. Od kilku lat jak zosta\u0142o wspomniane wy\u017cej dw\u00f3r wraz z parkiem nale\u017cy do Fundacji Pomocy Dzieciom Wiejskim i c\u00f3\u017c\u2026 upada. Tempus fugit.<\/p>\n\n\n\n<p><\/p>\n\n\n\n<p>Finally some sunny day! Thirteenth in truth, but it&#8217;s Sunday not Friday, so we set off on the first trip this year. This time the road led us to Jab\u0142k\u00f3w. On the way, we passed Pobiedziska, G\u0142\u00f3wienka (a smelly name, fortunately only the name), the Rybieniec Manor &#8211; we&#8217;ll write about it soon, until we reached the destination of our short journey.<\/p>\n\n\n\n<figure class=\"wp-block-image size-full\"><img loading=\"lazy\" decoding=\"async\" width=\"1024\" height=\"647\" src=\"http:\/\/okrok.fun\/wp-content\/uploads\/2022\/02\/IMG_6638-1.jpg\" alt=\"\" class=\"wp-image-527\" srcset=\"http:\/\/okrok.fun\/wp-content\/uploads\/2022\/02\/IMG_6638-1.jpg 1024w, http:\/\/okrok.fun\/wp-content\/uploads\/2022\/02\/IMG_6638-1-300x190.jpg 300w, http:\/\/okrok.fun\/wp-content\/uploads\/2022\/02\/IMG_6638-1-768x485.jpg 768w, http:\/\/okrok.fun\/wp-content\/uploads\/2022\/02\/IMG_6638-1-850x537.jpg 850w\" sizes=\"(max-width: 1024px) 100vw, 1024px\" \/><\/figure>\n\n\n\n<p>The beginnings of the village of Jab\u0142kowo dates back to 1399, it was owned by the archbishops of Gniezno (according to the Village Renewal Plan). However, we do not find the first information about Jab\u0142kowo in land registries until 1423. It tells about the 20 fines of the dowry that Ders\u0142aw of Jab\u0142k\u00f3w is to pay Przechna &#8211; the wife of Maciej of Stawian. The same Ders\u0142aw later founded the first church in Jab\u0142k\u00f3w, built in 1441. He had a daughter, Sadka, married to Andrzej from Cerekwica (near \u017bnin), the owner of S\u0142\u0119b\u00f3w. Over time, the Jab\u0142kowski surname developed, for whom the village became a family nest. After that time, there were still many owners of the village. It is impossible to list everyone, their affinities and marriages, claims, rights, etc.<\/p>\n\n\n\n<figure class=\"wp-block-image size-full\"><img loading=\"lazy\" decoding=\"async\" width=\"600\" height=\"900\" src=\"http:\/\/okrok.fun\/wp-content\/uploads\/2022\/02\/IMG_6624.jpg\" alt=\"\" class=\"wp-image-528\" srcset=\"http:\/\/okrok.fun\/wp-content\/uploads\/2022\/02\/IMG_6624.jpg 600w, http:\/\/okrok.fun\/wp-content\/uploads\/2022\/02\/IMG_6624-200x300.jpg 200w, http:\/\/okrok.fun\/wp-content\/uploads\/2022\/02\/IMG_6624-300x450.jpg 300w\" sizes=\"(max-width: 600px) 100vw, 600px\" \/><\/figure>\n\n\n\n<p>We found a very valuable source of information in a nearby store. A very nice lady willingly told us everything she knows about the court. About the Foundation for Help for Rural Children, which began to renovate the building, it was to include a Community Center, where children, adolescents and adults could develop and improve their talents. The windows have been replaced, the roof has been repaired, and there are no floors on the sand inside, bare bricks on the walls. Some printouts are on the ground. A huge bottle of formalin. It&#8217;s scary to look into the cellars. The stone foundation of the manor proves that his older predecessor could have stood here. In the former park there are replicas of thatched houses. As the saleswoman says. There were clay modeling classes and some art workshops for children. Everything has fallen today, the young people in these abandoned buildings most likely also run workshops, but rather late in the day and judging by the items littering there, these are not art workshops.<\/p>\n\n\n\n\n\n<p>In any case, from the year 1823 Jab\u0142kowo belonged to Jan Brzeski of the Oksza coat of arms and his wife Katarzyna Nie\u017cychowska. Jan, studied in Berlin. In 1807, in Popowo Ko\u015bcielny, he married eleven years younger Katarzyna Nie\u017cychowska. They had a bunch of children. Jan, as an officer, participated in the 1830 campaign. He was awarded the Virtuti Militari Cross. So it must be assumed that he fought bravely.<\/p>\n\n\n\n<p>The property of his parents was inherited by the younger son, Leonard, who in 1842 in the church of St. Wojciech in Pozna\u0144, he married Rozalia Rado\u0144ska, the mother of his then one-year-old daughter. A year after the wedding, Rozalia died, probably giving birth to other children &#8211; apparently twins. Leonard waited 'the appropriate time&#8217; and remarried Michalina Moszcze\u0144ska. Leonard and Michalina lived to a ripe old age. They were both buried in the Brzeski family&#8217;s burial chapel in the cemetery near the church in Jab\u0142k\u00f3w.<\/p>\n\n\n\n<p>Their daughter, Boles\u0142awa Brzeska (from her husband, Countess Kazimierzowa Poni\u0144ska, coat of arms of \u0141odzia) inherited Jab\u0142kowo from her parents. She passed them on to her then married daughter Izabella or El\u017cbieta, the sources do not agree with the Poni\u0144scy family of Zaborowska. Izabella was an avid driver of fast cars. One of these cars was the cause of her death in 1934. She died in an accident near G\u0142uch\u00f3w, the property belonging to her husband, Lech Zaborowski, Grzyma\u0142a coat of arms. She was buried in the family tomb in Jab\u0142k\u00f3w. The tomb collapses. The roof has fallen, and inside there are metal coffins with the remains of the Brzeski family. We will write about the church and the tomb in person.<\/p>\n\n\n\n<p>Until the outbreak of World War II, Jab\u0142kowo was managed by the widowed Lech Zaborowski. During the war, Lech was displaced, and the village was given to a German administrator by the name of Schneider. Lech Zaborowski died in Zamo\u015b\u0107 in 1940.<\/p>\n\n\n\n<figure class=\"wp-block-image size-full\"><img loading=\"lazy\" decoding=\"async\" width=\"1024\" height=\"683\" src=\"http:\/\/okrok.fun\/wp-content\/uploads\/2022\/02\/IMG_6627.jpg\" alt=\"\" class=\"wp-image-530\" srcset=\"http:\/\/okrok.fun\/wp-content\/uploads\/2022\/02\/IMG_6627.jpg 1024w, http:\/\/okrok.fun\/wp-content\/uploads\/2022\/02\/IMG_6627-300x200.jpg 300w, http:\/\/okrok.fun\/wp-content\/uploads\/2022\/02\/IMG_6627-768x512.jpg 768w, http:\/\/okrok.fun\/wp-content\/uploads\/2022\/02\/IMG_6627-850x567.jpg 850w\" sizes=\"(max-width: 1024px) 100vw, 1024px\" \/><\/figure>\n\n\n\n<p>The manor house is not homogeneous. To the older, one-story part, a later, two-story one was added, covered with a flat roof, with decorative balustrades. The older part is covered with a half-hipped roof with mansard inserts with semicircular windows in the gables. There are two entrances in the facade.<\/p>\n\n\n\n<p>After the Second World War, the goods were taken over by the Polish State Treasury, and a State Agricultural Farm was established there, subordinate to the plant in Popowo Ko\u015bcielny. After the compulsory liquidation of the state-owned farm, the remains of the former property were taken over by AWRSP and were leased. For several years, as mentioned above, the manor and the park belong to the Foundation for Help for Rural Children and, well &#8230; it collapses. Tempus fugit.<\/p>\n\n\n\n<p><\/p>\n\n\n\n<p><mark style=\"background-color:#ffffff\" class=\"has-inline-color has-vivid-red-color\"><strong>Dw\u00f3r w Stawianach.<\/strong><\/mark><\/p>\n\n\n\n<p>Pierwsze wie\u015bci o Stawianych odnajdujemy w \u017ar\u00f3d\u0142ach pisanych&nbsp; z roku 1298 kiedy to wie\u015b &#8222;Sthavany&#8221; zosta\u0142a nadana franciszkanom gnie\u017anie\u0144skim. Przez wieki maj\u0105tek cz\u0119sto zmienia\u0142 w\u0142a\u015bcicieli i przechodzi\u0142 z r\u0105k do r\u0105k.&nbsp; Eklektyczny dw\u00f3r Kalksteina pochodzi z 1853 kiedy to rozpocz\u0119to budow\u0119. Ferdynand Wincenty Kalkstein herbu Kos&nbsp; oficer wojska polskiego, kawaler Virtuti Militari o\u017ceni\u0142 si\u0119 z Paulin\u0105 Radzimi\u0144sk\u0105 wsp\u00f3lnie zamieszkali we dworze. Mieli czworo dzieci , a maj\u0105tek odziedziczy\u0142 najstarszy syn Zygmunt o\u017ceniony z hrabiank\u0105 Bni\u0144sk\u0105. Hrabianka zmar\u0142a nagle w wieku 28 lat i Zygmunt postanowi\u0142 pozby\u0107 si\u0119 ca\u0142ego maj\u0105tku. W 1863 roku w\u0142o\u015bci naby\u0142 na licytacji Leonard Brzeski herbu Oksza.<\/p>\n\n\n\n<figure class=\"wp-block-image size-full\"><img loading=\"lazy\" decoding=\"async\" width=\"1024\" height=\"671\" src=\"http:\/\/okrok.fun\/wp-content\/uploads\/2022\/02\/IMG_2054.jpg\" alt=\"\" class=\"wp-image-447\" srcset=\"http:\/\/okrok.fun\/wp-content\/uploads\/2022\/02\/IMG_2054.jpg 1024w, http:\/\/okrok.fun\/wp-content\/uploads\/2022\/02\/IMG_2054-300x197.jpg 300w, http:\/\/okrok.fun\/wp-content\/uploads\/2022\/02\/IMG_2054-768x503.jpg 768w, http:\/\/okrok.fun\/wp-content\/uploads\/2022\/02\/IMG_2054-350x230.jpg 350w, http:\/\/okrok.fun\/wp-content\/uploads\/2022\/02\/IMG_2054-850x557.jpg 850w\" sizes=\"(max-width: 1024px) 100vw, 1024px\" \/><\/figure>\n\n\n\n<p>Po Leonardzie Brzeskim w Stawianach gospodarowa\u0142a&nbsp; jego c\u00f3rka Boles\u0142awa, kt\u00f3ra wysz\u0142a za&nbsp; Kazimierza, hrabiego Poni\u0144skiego. Z jego inicjatywy nast\u0105pi\u0142a rozbudowa rezydencji. Kolejn\u0105 w\u0142a\u015bcicielk\u0105 maj\u0105tku zosta\u0142a c\u00f3rka Poni\u0144skich, Celina, ta w 1903 roku wysz\u0142a za m\u0105\u017c za Zygmunta Antoniego Ch\u0142apowskiego herbu Dryja. Ch\u0142apowscy rozbudowali maj\u0105tek wiedli tam pracowite \u017cycie. W okolicy prowadzili hodowl\u0119 by\u0142a czarno bia\u0142ego, wybudowali tartak, a nawet stacj\u0119 kolejow\u0105. <\/p>\n\n\n\n<figure class=\"wp-block-image size-full\"><img loading=\"lazy\" decoding=\"async\" width=\"1024\" height=\"623\" src=\"http:\/\/okrok.fun\/wp-content\/uploads\/2022\/02\/IMG_2043.jpg\" alt=\"\" class=\"wp-image-448\" srcset=\"http:\/\/okrok.fun\/wp-content\/uploads\/2022\/02\/IMG_2043.jpg 1024w, http:\/\/okrok.fun\/wp-content\/uploads\/2022\/02\/IMG_2043-300x183.jpg 300w, http:\/\/okrok.fun\/wp-content\/uploads\/2022\/02\/IMG_2043-768x467.jpg 768w, http:\/\/okrok.fun\/wp-content\/uploads\/2022\/02\/IMG_2043-850x517.jpg 850w\" sizes=\"(max-width: 1024px) 100vw, 1024px\" \/><\/figure>\n\n\n\n<p>Dziedziczka by\u0142a cz\u0142onkini\u0105 Towarzystwa Pa\u0144 Mi\u0142osierdzia. Zorganizowa\u0142a r\u00f3wnie\u017c bibliotek\u0119 ( ksi\u0119gozbi\u00f3r liczy\u0142 a138 ksi\u0105\u017cek ) 13 lutego 1940 do maj\u0105tku wkroczyli Niemcy. Zygmunt Ch\u0142apowski nie wytrzyma\u0142 przepadku mienia na rzecz okupanta i zmar\u0142 nagle. Po wojnie pa\u0142ac u\u017cytkowa\u0142y PGR-y.<\/p>\n\n\n\n<figure class=\"wp-block-image size-full\"><img loading=\"lazy\" decoding=\"async\" width=\"608\" height=\"900\" src=\"http:\/\/okrok.fun\/wp-content\/uploads\/2022\/02\/IMG_2045.jpg\" alt=\"\" class=\"wp-image-450\" srcset=\"http:\/\/okrok.fun\/wp-content\/uploads\/2022\/02\/IMG_2045.jpg 608w, http:\/\/okrok.fun\/wp-content\/uploads\/2022\/02\/IMG_2045-203x300.jpg 203w, http:\/\/okrok.fun\/wp-content\/uploads\/2022\/02\/IMG_2045-300x444.jpg 300w\" sizes=\"(max-width: 608px) 100vw, 608px\" \/><\/figure>\n\n\n\n<p> Obecnie zosta\u0142 na drodze s\u0105dowej zwr\u00f3cony pa\u0144stwu Izabelli i Franciszkowi Ch\u0142apowskim \u2013 Trzeciak. Pa\u0142ac niszczeje. Park zarasta, dzika ro\u015blinno\u015b\u0107 zaw\u0142aszcza coraz wi\u0119ksze po\u0142acie parku, chod\u017a wida\u0107, \u017ce ogr\u00f3d musia\u0142 by\u0107 kiedy\u015b oczkiem w g\u0142owie w\u0142a\u015bcicieli. C\u00f3\u017c z tego, \u017ce odzyskali go potomkowie w\u0142a\u015bcicieli jak sami doprowadzaj\u0105 wszystko do ruiny.<\/p>\n\n\n\n<p><mark style=\"background-color:#ffffff\" class=\"has-inline-color has-vivid-red-color\">Manor house in Stawiany.<\/mark><\/p>\n\n\n\n<p>We can find the first information about the Stawani in written sources from 1298, when the village of 'Sthavany&#8217; was given to the Franciscans of Gniezno. Over the centuries, the property often changed hands and changed hands. Kalkstein&#8217;s eclectic mansion dates from 1853 when construction began. Ferdynand Wincenty Kalkstein of the Kos coat of arms, an officer of the Polish army, a bachelor of Virtuti Militari, married Paulina Radzimi\u0144ska, and together they lived in the court. They had four children, and the property was inherited by their eldest son, Zygmunt, who was married to a countess Bni\u0144ska. The Countess died suddenly at the age of 28 and Zygmunt decided to get rid of all the property. In 1863, the estate was purchased at an auction by Leonard Brzeski of the Oksza coat of arms.<\/p>\n\n\n\n<figure class=\"wp-block-image size-full\"><img loading=\"lazy\" decoding=\"async\" width=\"1024\" height=\"765\" src=\"http:\/\/okrok.fun\/wp-content\/uploads\/2022\/02\/IMG_2041.jpg\" alt=\"\" class=\"wp-image-451\" srcset=\"http:\/\/okrok.fun\/wp-content\/uploads\/2022\/02\/IMG_2041.jpg 1024w, http:\/\/okrok.fun\/wp-content\/uploads\/2022\/02\/IMG_2041-300x224.jpg 300w, http:\/\/okrok.fun\/wp-content\/uploads\/2022\/02\/IMG_2041-768x574.jpg 768w, http:\/\/okrok.fun\/wp-content\/uploads\/2022\/02\/IMG_2041-850x635.jpg 850w\" sizes=\"(max-width: 1024px) 100vw, 1024px\" \/><\/figure>\n\n\n\n<p>After Leonard Brzeski, his daughter, Boles\u0142awa, who married Kazimierz, Count Poni\u0144ski, ran the farm in Stawiany. On his initiative, the residence was expanded. The next owner of the property was the daughter of the Poni\u0144ski family, Celina, who in 1903 married Zygmunt Antoni Ch\u0142apowski of the Dryja coat of arms. The Ch\u0142apowski family developed their property and they led a busy life there. <\/p>\n\n\n\n<figure class=\"wp-block-image size-full\"><img loading=\"lazy\" decoding=\"async\" width=\"600\" height=\"900\" src=\"http:\/\/okrok.fun\/wp-content\/uploads\/2022\/02\/IMG_2038.jpg\" alt=\"\" class=\"wp-image-452\" srcset=\"http:\/\/okrok.fun\/wp-content\/uploads\/2022\/02\/IMG_2038.jpg 600w, http:\/\/okrok.fun\/wp-content\/uploads\/2022\/02\/IMG_2038-200x300.jpg 200w, http:\/\/okrok.fun\/wp-content\/uploads\/2022\/02\/IMG_2038-300x450.jpg 300w\" sizes=\"(max-width: 600px) 100vw, 600px\" \/><\/figure>\n\n\n\n<p>They ran a black and white farm in the area, built a sawmill and even a train station. The heiress was a member of the Society of the Ladies of Mercy. She also organized a library (the collection consisted of a138 books). On February 13, 1940, the Germans entered the property. <\/p>\n\n\n\n<figure class=\"wp-block-image size-full\"><img loading=\"lazy\" decoding=\"async\" width=\"599\" height=\"900\" src=\"http:\/\/okrok.fun\/wp-content\/uploads\/2022\/02\/IMG_2033.jpg\" alt=\"\" class=\"wp-image-453\" srcset=\"http:\/\/okrok.fun\/wp-content\/uploads\/2022\/02\/IMG_2033.jpg 599w, http:\/\/okrok.fun\/wp-content\/uploads\/2022\/02\/IMG_2033-200x300.jpg 200w, http:\/\/okrok.fun\/wp-content\/uploads\/2022\/02\/IMG_2033-300x451.jpg 300w\" sizes=\"(max-width: 599px) 100vw, 599px\" \/><\/figure>\n\n\n\n<p>Zygmunt Ch\u0142apowski could not stand the forfeiture of his property to the occupant and died suddenly. After the war, the palace was used by state-owned farms. Currently, he has been returned to the state of Izabella and Franciszek Ch\u0142apowski &#8211; Trzeciak. <\/p>\n\n\n\n<figure class=\"wp-block-image size-full\"><img loading=\"lazy\" decoding=\"async\" width=\"1024\" height=\"637\" src=\"http:\/\/okrok.fun\/wp-content\/uploads\/2022\/02\/IMG_2052.jpg\" alt=\"\" class=\"wp-image-454\" srcset=\"http:\/\/okrok.fun\/wp-content\/uploads\/2022\/02\/IMG_2052.jpg 1024w, http:\/\/okrok.fun\/wp-content\/uploads\/2022\/02\/IMG_2052-300x187.jpg 300w, http:\/\/okrok.fun\/wp-content\/uploads\/2022\/02\/IMG_2052-768x478.jpg 768w, http:\/\/okrok.fun\/wp-content\/uploads\/2022\/02\/IMG_2052-850x529.jpg 850w\" sizes=\"(max-width: 1024px) 100vw, 1024px\" \/><\/figure>\n\n\n\n<p>The palace is deteriorating. The park is overgrown, wild vegetation is taking over more and more areas of the park, but you can see that the garden must have been the apple of the owners&#8217; eye. So what if the descendants of the owners regained it as they ruined everything themselves.<\/p>\n\n\n\n<p><\/p>\n\n\n\n<p><\/p>\n\n\n\n<p><strong><mark style=\"background-color:rgba(0, 0, 0, 0)\" class=\"has-inline-color has-vivid-red-color\">Dw\u00f3r Studzieniec.<\/mark><\/strong><\/p>\n\n\n\n<p><strong>Studzieniec<\/strong> \u2013 wie\u015b w Polsce po\u0142o\u017cona w wojew\u00f3dztwie wielkopolskim, w powiecie obornickim, w gminie Rogo\u017ano. Pierwsze wzmianki o Studzie\u0144cu pochodz\u0105 z roku 1343 roku, &nbsp;nazwa wywodzi si\u0119 od pras\u0142owia\u0144skiego s\u0142owa \u201estudzienny\u201d, \u201ezimny\u201d. <\/p>\n\n\n\n<p>W p\u00f3\u0142nocno-zachodniej cz\u0119\u015bci wsi znajduje si\u0119 barokowy dw\u00f3r szachulcowy z ko\u0144ca XVIII wieku, barokowa pere\u0142ka architektoniczna wielkopolski. By\u0142a gniazdem rodziny Studzie\u0144skich, kt\u00f3rzy zamieszkiwali tutaj do schy\u0142ku XVI w. Na pocz\u0105tku XVII w. przesz\u0142a w posiadanie Bart\u0142omieja Skrzetuskiego, o\u017cenionego z Ew\u0105 z Brodzkich. Po nim w\u0142a\u015bcicielem by\u0142 Miko\u0142aj Skrzetuski, a od 1715 r. Adam Brodzki herbu \u0141odzia. Poprzez ma\u0142\u017ce\u0144stwo z Dorot\u0105 Brodzk\u0105 w\u0142a\u015bcicielem maj\u0105tku zosta\u0142 na pewien czas Karol B\u0142eszy\u0144ski, kt\u00f3ry zastawi\u0142 Studzieniec u Swinarskich. W latach 40. XVIII w. maj\u0105tek przej\u0119li \u017b\u00f3\u0142towscy herbu Ogo\u0144czyk, od kt\u00f3rych oko\u0142o 1760 r. przeszed\u0142 w posiadanie Kierskich herbu Jastrz\u0119biec. <\/p>\n\n\n\n<figure class=\"wp-block-image size-full\"><img loading=\"lazy\" decoding=\"async\" width=\"1024\" height=\"648\" src=\"http:\/\/okrok.fun\/wp-content\/uploads\/2022\/02\/IMG_1618_1.jpg\" alt=\"\" class=\"wp-image-403\" srcset=\"http:\/\/okrok.fun\/wp-content\/uploads\/2022\/02\/IMG_1618_1.jpg 1024w, http:\/\/okrok.fun\/wp-content\/uploads\/2022\/02\/IMG_1618_1-300x190.jpg 300w, http:\/\/okrok.fun\/wp-content\/uploads\/2022\/02\/IMG_1618_1-768x486.jpg 768w, http:\/\/okrok.fun\/wp-content\/uploads\/2022\/02\/IMG_1618_1-850x538.jpg 850w\" sizes=\"(max-width: 1024px) 100vw, 1024px\" \/><\/figure>\n\n\n\n<p>Pocz\u0105tkowo wzmiankowany jest Kazimierz z Kiekrza Kierski, a od 1776 r. zapewne jego syn J\u00f3zef Kierski, podkomorzy JKM, o\u017ceniony z Ludwik\u0105 z Zakrzewskich. Pozostawa\u0142 on w Studzie\u0144cu do \u015bmierci w 1781 r., zamieszkuj\u0105c w zbudowanym tu przez niego, b\u0105d\u017a jego ojca dworze. Maj\u0105tek po nim odziedziczy\u0142a c\u00f3rka, J\u00f3zefa Kierska i wnios\u0142a go w posagu Antoniemu Swinarskiemu herbu Poraj. W XIX w. posiad\u0142o\u015b\u0107 przesz\u0142a w r\u0119ce Raczy\u0144skich z Obrzycka. W roku 1982 rozpocz\u0119to prace restauracyjne, kt\u00f3re trwa\u0142y prawie dziesi\u0119\u0107 lat. Nie przetrwa\u0142o nic z dawnego wystroju wn\u0119trz i dekoracji architektonicznej elewacji, poniewa\u017c dw\u00f3r, zrujnowany niemal do szcz\u0119tu w ostatnich czasach, przeszed\u0142 gruntown\u0105 renowacj\u0119, kt\u00f3ra zmieni\u0142a nieco jego pierwotny wygl\u0105d. Obecnie dw\u00f3r jest w\u0142asno\u015bci\u0105 prywatn\u0105 wystawion\u0105 na sprzeda\u017c za 1800 000. Ma 539 m2 i trzy hektary parku. Ro\u015bnie tam 29 gatunk\u00f3w drzew w ieku od 40 do 200 lat. Przy tym metra\u017cu dw\u00f3r wychodzi taniej ni\u017c mieszkanie w du\u017cym mie\u015bcie w Polsce. Niestety nikt nie chce si\u0119 skusi\u0107. Chyba trzeba zacz\u0105\u0107 gra\u0107 w TOTKA!<\/p>\n\n\n\n<figure class=\"wp-block-image size-full\"><img loading=\"lazy\" decoding=\"async\" width=\"1024\" height=\"779\" src=\"http:\/\/okrok.fun\/wp-content\/uploads\/2022\/02\/IMG_1608_1.jpg\" alt=\"\" class=\"wp-image-404\" srcset=\"http:\/\/okrok.fun\/wp-content\/uploads\/2022\/02\/IMG_1608_1.jpg 1024w, http:\/\/okrok.fun\/wp-content\/uploads\/2022\/02\/IMG_1608_1-300x228.jpg 300w, http:\/\/okrok.fun\/wp-content\/uploads\/2022\/02\/IMG_1608_1-768x584.jpg 768w, http:\/\/okrok.fun\/wp-content\/uploads\/2022\/02\/IMG_1608_1-850x647.jpg 850w\" sizes=\"(max-width: 1024px) 100vw, 1024px\" \/><\/figure>\n\n\n\n<p>Z dworem zwi\u0105zana jest legenda o skarbach napoleo\u0144skich. To tu w pobli\u017cu dworu wracaj\u0105cy z pod Moskwy \u017co\u0142nierze Napoleona ukryli w ziemi kas\u0119 p\u00f3\u0142kow\u0105 i postawili tam s\u0142up z napisem: \u201eA la tete\u201d, kt\u00f3rego cie\u0144 mia\u0142 wskazywa\u0107 miejsce ukrycia skarbu. Legenda m\u00f3wi, \u017ce dwaj mieszka\u0144cy wsi znale\u017ali skarb przypadkowo i jako bogacze przenie\u015bli si\u0119 w okolice Poznania.<\/p>\n\n\n\n<figure class=\"wp-block-image size-full\"><img loading=\"lazy\" decoding=\"async\" width=\"679\" height=\"900\" src=\"http:\/\/okrok.fun\/wp-content\/uploads\/2022\/02\/IMG_1609_1.jpg\" alt=\"\" class=\"wp-image-405\" srcset=\"http:\/\/okrok.fun\/wp-content\/uploads\/2022\/02\/IMG_1609_1.jpg 679w, http:\/\/okrok.fun\/wp-content\/uploads\/2022\/02\/IMG_1609_1-226x300.jpg 226w, http:\/\/okrok.fun\/wp-content\/uploads\/2022\/02\/IMG_1609_1-300x398.jpg 300w\" sizes=\"(max-width: 679px) 100vw, 679px\" \/><\/figure>\n\n\n\n<p>A oto legenda.<\/p>\n\n\n\n<p>Huczy wiatr skwiercz\u0105 p\u0142on\u0105ce szczapy drewna, co\u015b tam j\u0119czy, piszczy stuknie czasami przepalony na p\u00f3\u0142 pieniek i bluzgnie snopem iskier po kominku. Wielki fotel uszak wzi\u0105\u0142 w obj\u0119cia pani\u0105 domu i pie\u015bci j\u0105 swym pluszem. S\u0142u\u017c\u0105ca Jadzia opar\u0142a si\u0119 o futryn\u0119 byle tylko jak najbli\u017cej ciep\u0142ego kominka. Skostnia\u0142e d\u0142onie skry\u0142a pod fartuchem.<\/p>\n\n\n\n<p>Panowie deliberuj\u0105 p\u00f3\u0142g\u0142osem zgromadzeni wok\u00f3\u0142 pana Alojzego, kt\u00f3ry kilka dni ju\u017c go\u015bci w tych stronach. Przyby\u0142 z Pary\u017ca jako tajny emisariusz pod nazwiskiem Babi\u0144ski. Przekazuje wie\u015bci, przekonuje do reform, rozpala s\u0142omiany ogie\u0144 w rodakach. Goszcz\u0105 go, s\u0142uchaj\u0105, a jak \u017ce! Karmi\u0105 do syta. Ale jego idee rozp\u0142ywaj\u0105 si\u0119 w bogactwie pokoi, siadaj\u0105 py\u0142em na obrazach i trofeach my\u015bliwskich, p\u0142on\u0105 zaci\u0105gni\u0119te przez cug kominka. Strz\u0119py s\u0142\u00f3w docieraj\u0105 do niepi\u015bmiennej Jadzi. Pracowa\u0107, odda\u0107 ch\u0142opom ziemi\u0119, walczy\u0107, wyrwa\u0107 kraj z niewoli, kszta\u0142ci\u0107 poddanych.<\/p>\n\n\n\n<p>\u2013 Nie mo\u017cliwe. Pomy\u015bla\u0142a Jadzia ch\u0142on\u0105c ciep\u0142o pobliskiego kominka.<\/p>\n\n\n\n<p>&#8211; A, Jadzia co tak stoi? Pan prosi\u0142 o herbat\u0119.<\/p>\n\n\n\n<p>Alojzo spojrza\u0142 na s\u0142u\u017c\u0105c\u0105 badawczym wzrokiem.<\/p>\n\n\n\n<p>\u2013 Tak, napi\u0142bym si\u0119 herbaty.<\/p>\n\n\n\n<p>Panowie z cygarami zamilkli na chwil\u0119.<\/p>\n\n\n\n<p>&#8211; Herbata dobrze nam zrobi. Rozlu\u017ani\u0142 atmosfer\u0119 pan domu.<\/p>\n\n\n\n<p>Nast\u0119pnego dnia Antoniego Babi\u0144skiego usi\u0142owa\u0142 w pobliskiej karczmie wylegitymowa\u0107 \u017candarm Komorkiewicz z Rogo\u017ana. Jedne przekazy g\u0142osz\u0105, \u017ce Bbi\u0144ski zabi\u0142 go po wyj\u015bciu z karczmy inne, \u017ce zrani\u0142. Tak czy owak zosta\u0142 pojmany kiedy ucieka\u0142 po zamarzni\u0119tym jeziorze Rogozi\u0144skim i stracony w Poznaniu 1 lutego 1847 roku.<\/p>\n\n\n\n<p>Dw\u00f3r przechodzi\u0142 z r\u0105k do r\u0105k historia zosta\u0142a. Teraz dw\u00f3r niszczeje skrywaj\u0105c pod powa\u0142\u0105 dawne historie i ludzkie dzieje.<\/p>\n\n\n\n<figure class=\"wp-block-image size-full\"><img loading=\"lazy\" decoding=\"async\" width=\"676\" height=\"900\" src=\"http:\/\/okrok.fun\/wp-content\/uploads\/2022\/02\/IMG_1612_1.jpg\" alt=\"\" class=\"wp-image-406\" srcset=\"http:\/\/okrok.fun\/wp-content\/uploads\/2022\/02\/IMG_1612_1.jpg 676w, http:\/\/okrok.fun\/wp-content\/uploads\/2022\/02\/IMG_1612_1-225x300.jpg 225w, http:\/\/okrok.fun\/wp-content\/uploads\/2022\/02\/IMG_1612_1-300x399.jpg 300w\" sizes=\"(max-width: 676px) 100vw, 676px\" \/><\/figure>\n\n\n\n<p>Studzieniec &#8211; a village in Poland located in the Greater Poland Voivodeship, in the Oborniki poviat, in the Rogo\u017ano commune. The first mentions of Studzieniec come from 1343, the name derives from the pre-Slavic words 'well&#8217;, 'cold&#8217;. In the north-west part of the village there is a baroque half-timbered manor from the end of the 18th century, a baroque architectural gem of Greater Poland. It was the nest of the Studzie\u0144ski family, who lived here until the end of the 16th century. At the beginning of the 17th century, it became the property of Bart\u0142omiej Skrzetuski, married to Ewa Brodzka. After him, the owner was Miko\u0142aj Skrzetuski, and from 1715 Adam Brodzki of the \u0141odzia coat of arms. Through his marriage to Dorota Brodzka, Karol B\u0142eszy\u0144ski became the owner of the property for a time, pledging Studzieniec with the Swinarski family. In the 1840s, the property was taken over by the \u017b\u00f3\u0142towscy of the Ogo\u0144czyk coat of arms, from which around 1760 it was taken over by the Kierski family of the Jastrz\u0119biec coat of arms. Initially, Kazimierz of Kiekrz Kierski was mentioned, and from 1776 his son J\u00f3zef Kierski, chamberlain of JKM, married to Ludwika n\u00e9e Zakrzewski, probably. He stayed in Studzieniec until his death in 1781, living in the manor built here by him or his father. His estate was inherited by his daughter, J\u00f3zefa Kierska, who brought him as a dowry to Antoni Swinarski of the Poraj coat of arms. In the 19th century, the property passed into the hands of the Raczy\u0144ski family from Obrzycko. In 1982, restoration work began and lasted for almost ten years. Nothing of the former interior design and architectural decoration of the facade has survived, because the manor, almost completely ruined in recent times, underwent a thorough renovation, which slightly changed its original appearance. Currently, the mansion is privately owned for sale for 1,800,000. It has 539 m2 and three hectares of parkland. There are 29 species of trees, aged between 40 and 200 years. With this square footage, the mansion is cheaper than living in a large city in Poland. Unfortunately, no one wants to be tempted. I think you need to start playing TOTKA!<\/p>\n\n\n\n<figure class=\"wp-block-image size-full\"><img loading=\"lazy\" decoding=\"async\" width=\"1024\" height=\"807\" src=\"http:\/\/okrok.fun\/wp-content\/uploads\/2022\/02\/IMG_1615_1.jpg\" alt=\"\" class=\"wp-image-407\" srcset=\"http:\/\/okrok.fun\/wp-content\/uploads\/2022\/02\/IMG_1615_1.jpg 1024w, http:\/\/okrok.fun\/wp-content\/uploads\/2022\/02\/IMG_1615_1-300x236.jpg 300w, http:\/\/okrok.fun\/wp-content\/uploads\/2022\/02\/IMG_1615_1-768x605.jpg 768w, http:\/\/okrok.fun\/wp-content\/uploads\/2022\/02\/IMG_1615_1-850x670.jpg 850w\" sizes=\"(max-width: 1024px) 100vw, 1024px\" \/><\/figure>\n\n\n\n<p>There is a legend about Napoleon&#8217;s treasures connected with the manor. It was here, near the manor house, that Napoleon&#8217;s soldiers, returning from near Moscow, hid a shelf in the ground and placed there a pillar with the inscription 'A la tete&#8217;, the shadow of which was supposed to indicate the place where the treasure was hidden. Legend has it that two villagers found the treasure accidentally and moved as rich people to the vicinity of Pozna\u0144.<\/p>\n\n\n\n<figure class=\"wp-block-image size-full\"><img loading=\"lazy\" decoding=\"async\" width=\"515\" height=\"900\" src=\"http:\/\/okrok.fun\/wp-content\/uploads\/2022\/02\/IMG_1616_1.jpg\" alt=\"\" class=\"wp-image-408\" srcset=\"http:\/\/okrok.fun\/wp-content\/uploads\/2022\/02\/IMG_1616_1.jpg 515w, http:\/\/okrok.fun\/wp-content\/uploads\/2022\/02\/IMG_1616_1-172x300.jpg 172w, http:\/\/okrok.fun\/wp-content\/uploads\/2022\/02\/IMG_1616_1-300x524.jpg 300w\" sizes=\"(max-width: 515px) 100vw, 515px\" \/><\/figure>\n\n\n\n<p>Here is the legend.<\/p>\n\n\n\n<p>The roars of the wind, sizzling flames of wood, something groans, squeaks, sometimes a log burnt in half, and sprinkles sparks up the fireplace. The big eared armchair embraces the lady of the house and caresses her with its plush. The maid, Jadzia, leaned against the doorframe as close as possible to the warm fireplace. She hid her limp hands under her apron.<\/p>\n\n\n\n<figure class=\"wp-block-image size-full\"><img loading=\"lazy\" decoding=\"async\" width=\"587\" height=\"900\" src=\"http:\/\/okrok.fun\/wp-content\/uploads\/2022\/02\/IMG_1620_1.jpg\" alt=\"\" class=\"wp-image-409\" srcset=\"http:\/\/okrok.fun\/wp-content\/uploads\/2022\/02\/IMG_1620_1.jpg 587w, http:\/\/okrok.fun\/wp-content\/uploads\/2022\/02\/IMG_1620_1-196x300.jpg 196w, http:\/\/okrok.fun\/wp-content\/uploads\/2022\/02\/IMG_1620_1-300x460.jpg 300w\" sizes=\"(max-width: 587px) 100vw, 587px\" \/><\/figure>\n\n\n\n<p>The gentlemen deliberate in an undertone gathered around Mr. Alojzy, who has been visiting these parts for a few days. He came from Paris as a secret emissary under the name of Babinski. He communicates the news, persuades to reforms, and kindles a fire of straw in his countrymen. They host him, listen to him, and how! They feed you to your heart&#8217;s content. But his ideas dissolve in the richness of rooms, sit with dust on paintings and hunting trophies, burn drawn by the chimney of the fireplace. The scraps of words reach the illiterate Jadzia. Work, give the peasants land, fight, free the country from slavery, educate its subjects.<\/p>\n\n\n\n<p>&#8211; Impossible. Jadzia thought, absorbing the warmth of a nearby fireplace.<\/p>\n\n\n\n<p>&#8211; And Jadzia, what&#8217;s standing there? The Lord asked for tea.<\/p>\n\n\n\n<p>Alojzo looked at the maid with a searching gaze.<\/p>\n\n\n\n<p>&#8211; Yes, I&#8217;d like some tea.<\/p>\n\n\n\n<p>The cigar men were silent for a moment.<\/p>\n\n\n\n<p>&#8211; Tea will do us good. The master of the house relaxed the atmosphere.<\/p>\n\n\n\n<p>The next day, Antoni Babinski tried to identify the gendarme Komorkiewicz from Rogo\u017ano at a nearby inn. Some messages say that Bbi\u0144ski killed him after leaving the inn, others that he injured him. Anyway, he was captured while escaping on the frozen Rogozi\u0144skie Lake and executed in Pozna\u0144 on February 1, 1847.<\/p>\n\n\n\n<figure class=\"wp-block-image size-full\"><img loading=\"lazy\" decoding=\"async\" width=\"1024\" height=\"563\" src=\"http:\/\/okrok.fun\/wp-content\/uploads\/2022\/02\/IMG_1622_1-1.jpg\" alt=\"\" class=\"wp-image-413\" srcset=\"http:\/\/okrok.fun\/wp-content\/uploads\/2022\/02\/IMG_1622_1-1.jpg 1024w, http:\/\/okrok.fun\/wp-content\/uploads\/2022\/02\/IMG_1622_1-1-300x165.jpg 300w, http:\/\/okrok.fun\/wp-content\/uploads\/2022\/02\/IMG_1622_1-1-768x422.jpg 768w, http:\/\/okrok.fun\/wp-content\/uploads\/2022\/02\/IMG_1622_1-1-850x467.jpg 850w\" sizes=\"(max-width: 1024px) 100vw, 1024px\" \/><\/figure>\n\n\n\n<p>The manor changed hands and history remained. Now the manor is decaying, hiding old stories and human history under the roof.<\/p>\n\n\n\n<p><\/p>\n\n\n\n<p><\/p>\n\n\n\n<p><\/p>\n\n\n\n<p><\/p>\n\n\n\n<p><\/p>\n\n\n\n<p><\/p>\n\n\n\n<p><mark style=\"background-color:rgba(0, 0, 0, 0)\" class=\"has-inline-color has-vivid-red-color\">K<strong>asyno wojskowe w Biedrusku.<\/strong><\/mark><\/p>\n\n\n\n<figure class=\"wp-block-image size-full\"><img decoding=\"async\" src=\"http:\/\/okrok.fun\/wp-content\/uploads\/2022\/01\/IMG_2871.jpg\" alt=\"\" class=\"wp-image-354\"\/><\/figure>\n\n\n\n<p>Zbudowane zosta\u0142o oko\u0142o roku 1904. Wtedy to \u00f3wczesny w\u0142a\u015bciciel Albrecht von Treskow sprzeda\u0142 dobra w Biedrusku. Armia pruska poszukiwa\u0142a dogodnego terenu na zorganizowanie poligonu wojskowego wi\u0119c dobra te idealnie si\u0119 nadawa\u0142y. Po zako\u0144czeniu pierwszej wojny \u015bwiatowej i kl\u0119sce Prus tereny te przesz\u0142y na w\u0142asno\u015b\u0107 wojska polskiego. W 1938 roku kwateruje si\u0119 tu 7 Pu\u0142k Strzelc\u00f3w Konnych.<\/p>\n\n\n\n<figure class=\"wp-block-image size-full\"><img loading=\"lazy\" decoding=\"async\" width=\"584\" height=\"800\" src=\"http:\/\/okrok.fun\/wp-content\/uploads\/2022\/01\/IMG_2849.jpg\" alt=\"\" class=\"wp-image-364\" srcset=\"http:\/\/okrok.fun\/wp-content\/uploads\/2022\/01\/IMG_2849.jpg 584w, http:\/\/okrok.fun\/wp-content\/uploads\/2022\/01\/IMG_2849-219x300.jpg 219w, http:\/\/okrok.fun\/wp-content\/uploads\/2022\/01\/IMG_2849-300x411.jpg 300w\" sizes=\"(max-width: 584px) 100vw, 584px\" \/><\/figure>\n\n\n\n<p> S\u0105 wzmianki, ze po wygranej wojnie urz\u0105dzono tu wielki bankiet na 500 os\u00f3b. Podobno czterech konnych fanfarzyst\u00f3w wjecha\u0142o na swych wierzchowcach do Sali balowej i odegrali kilka zwrotek zawo\u0142ania kompanii. Budynek by\u0142 charakterystyczny dla budowli pruskich i zapewne wiele tego typu zabudowa\u0144 powsta\u0142o na terenie zaboru pruskiego, ale ten przetrwa\u0142 do naszych czas\u00f3w.<\/p>\n\n\n\n<figure class=\"wp-block-image size-large\"><img loading=\"lazy\" decoding=\"async\" width=\"1024\" height=\"658\" src=\"http:\/\/okrok.fun\/wp-content\/uploads\/2022\/01\/1017-1024x658.jpg\" alt=\"\" class=\"wp-image-358\" srcset=\"http:\/\/okrok.fun\/wp-content\/uploads\/2022\/01\/1017-1024x658.jpg 1024w, http:\/\/okrok.fun\/wp-content\/uploads\/2022\/01\/1017-300x193.jpg 300w, http:\/\/okrok.fun\/wp-content\/uploads\/2022\/01\/1017-768x494.jpg 768w, http:\/\/okrok.fun\/wp-content\/uploads\/2022\/01\/1017-850x547.jpg 850w, http:\/\/okrok.fun\/wp-content\/uploads\/2022\/01\/1017.jpg 1532w\" sizes=\"(max-width: 1024px) 100vw, 1024px\" \/><\/figure>\n\n\n\n<p> Kiedy tam zawitali\u015bmy w 2017 roku by\u0142 w op\u0142akanym stanie. Jednak teraz pisz\u0105c t\u0119 informacj\u0119 natrafi\u0142em na co\u015b co budzi nadziej\u0119 na wspania\u0142\u0105 renowacje tej pere\u0142ki architektury wojskowej. Firma PIT BULL West Coast wykupi\u0142a ca\u0142y teren i prowadzi szeroko zakrojone prace renowacyjne kasyna i przyleg\u0142ego parku. Jej dyrektor pan Filip Flaczy\u0144ski &nbsp;jest osobi\u015bcie bardzo zaanga\u017cowany w przywr\u00f3cenie dawnego blasku temu terenowi. Brawo! Na stronie Biedrusko.pl mo\u017cna znale\u017a\u0107 wi\u0119cej informacji na ten temat.<\/p>\n\n\n\n<figure class=\"wp-block-image size-full\"><img loading=\"lazy\" decoding=\"async\" width=\"1024\" height=\"661\" src=\"http:\/\/okrok.fun\/wp-content\/uploads\/2022\/01\/IMG_2853.jpg\" alt=\"\" class=\"wp-image-365\" srcset=\"http:\/\/okrok.fun\/wp-content\/uploads\/2022\/01\/IMG_2853.jpg 1024w, http:\/\/okrok.fun\/wp-content\/uploads\/2022\/01\/IMG_2853-300x194.jpg 300w, http:\/\/okrok.fun\/wp-content\/uploads\/2022\/01\/IMG_2853-768x496.jpg 768w, http:\/\/okrok.fun\/wp-content\/uploads\/2022\/01\/IMG_2853-850x549.jpg 850w\" sizes=\"(max-width: 1024px) 100vw, 1024px\" \/><\/figure>\n\n\n\n<p>Co to by\u0142 za huk! Szyby wylecia\u0142y z okien, podskoczy\u0142y talerze na stole, p\u0119k\u0142o jak ba\u0144ka mydlana kilka kryszta\u0142owych kieliszk\u00f3w, a szklisty proszek rozsypa\u0142 si\u0119 na obrus. Gdyby nie uporczywy pisk w uszach mo\u017cna by powiedzie\u0107, \u017ce zapad\u0142a grobowa cisza. Ucich\u0142y toasty, \u015bmiech zawis\u0142 na \u015bcianach przygwo\u017cd\u017cony wybuchem. Rozci\u0119te jak brzytw\u0105, pot\u0142uczonym szk\u0142em z okien rozmowy spad\u0142y na parkiet. Tak \u015bwi\u0119towa\u0142a Wielkopolska Brygada Kawalerii w 1921 roku na pierwszej koncentracji po zwyci\u0119skiej wojnie. Sto\u0142y rozstawione w wielkiej sali. Ponad pi\u0119\u0107set os\u00f3b za sto\u0142ami. P\u0142yn\u0105 toasty, wznosz\u0105 okrzyki, nie cichn\u0105 wiwaty. Czterech fanfarzyst\u00f3w wjecha\u0142o na siwych koniach i odtr\u0105bi\u0142o zawo\u0142anie marsza pi\u0119tnastego pu\u0142ku u\u0142an\u00f3w. Toast i do dna! Do dna!<\/p>\n\n\n\n<figure class=\"wp-block-image size-full\"><img loading=\"lazy\" decoding=\"async\" width=\"621\" height=\"800\" src=\"http:\/\/okrok.fun\/wp-content\/uploads\/2022\/01\/IMG_2873.jpg\" alt=\"\" class=\"wp-image-373\" srcset=\"http:\/\/okrok.fun\/wp-content\/uploads\/2022\/01\/IMG_2873.jpg 621w, http:\/\/okrok.fun\/wp-content\/uploads\/2022\/01\/IMG_2873-233x300.jpg 233w, http:\/\/okrok.fun\/wp-content\/uploads\/2022\/01\/IMG_2873-300x386.jpg 300w\" sizes=\"(max-width: 621px) 100vw, 621px\" \/><\/figure>\n\n\n\n<p>P\u00f3\u0142kownik \u0141aki\u0144ski przez swego adiutanta zaalarmowa\u0142 najbli\u017cej zakwaterowany dzia\u0142on, a ten odprzodkowa\u0142 dzia\u0142o stoj\u0105ce na dziedzi\u0144cu kasyna i wypali\u0142 na wiwat. Pan B\u00f3g raczy wiedzie\u0107 gdzie spad\u0142 stalowy granat z czepkiem zamiast zapalnika. Mo\u017ce le\u017cy do dzi\u015b na dnie Warty, albo zary\u0142 si\u0119 w \u015bci\u00f3\u0142k\u0119 w pobliskich lasach. Zanim zlecia\u0142a si\u0119 \u017candarmeria wszystko by\u0142o ju\u017c na swoim miejscu. La\u0142a si\u0119 w\u00f3dka, wznoszono okrzyki, a toasty stawa\u0142y si\u0119 co raz d\u0142u\u017csze i co raz mniej zrozumia\u0142e. Tylko te szyby w oknach.<\/p>\n\n\n\n<figure class=\"wp-block-image size-full\"><img loading=\"lazy\" decoding=\"async\" width=\"561\" height=\"800\" src=\"http:\/\/okrok.fun\/wp-content\/uploads\/2022\/01\/IMG_2857-1.jpg\" alt=\"\" class=\"wp-image-368\" srcset=\"http:\/\/okrok.fun\/wp-content\/uploads\/2022\/01\/IMG_2857-1.jpg 561w, http:\/\/okrok.fun\/wp-content\/uploads\/2022\/01\/IMG_2857-1-210x300.jpg 210w, http:\/\/okrok.fun\/wp-content\/uploads\/2022\/01\/IMG_2857-1-300x428.jpg 300w\" sizes=\"(max-width: 561px) 100vw, 561px\" \/><\/figure>\n\n\n\n<p>Dziurawe okna strasz\u0105 po dzi\u015b dzie\u0144 nie z powodu wystrza\u0142y armatniego na wiwat. Czas mo\u017ce kamienie chuligan\u00f3w, albo jedno i drugie pozbawi\u0142y szyb ten dawniej t\u0119tni\u0105cy \u017cyciem obiekt. Pod\u0142oga si\u0119 zapada. Kilka ca\u0142kiem zdrowych belek stara si\u0119 trzyma\u0107 dach na swoich barkach. Bezszelestnie lataj\u0105 po salach nietoperze. Przebrzmia\u0142 huk wystrza\u0142u. Wznie\u015bmy toast za dawne czasy! Wiwat!<\/p>\n\n\n\n<figure class=\"wp-block-image size-full\"><img loading=\"lazy\" decoding=\"async\" width=\"489\" height=\"800\" src=\"http:\/\/okrok.fun\/wp-content\/uploads\/2022\/01\/IMG_2858.jpg\" alt=\"\" class=\"wp-image-369\" srcset=\"http:\/\/okrok.fun\/wp-content\/uploads\/2022\/01\/IMG_2858.jpg 489w, http:\/\/okrok.fun\/wp-content\/uploads\/2022\/01\/IMG_2858-183x300.jpg 183w, http:\/\/okrok.fun\/wp-content\/uploads\/2022\/01\/IMG_2858-300x491.jpg 300w\" sizes=\"(max-width: 489px) 100vw, 489px\" \/><\/figure>\n\n\n\n<p><strong>Military casino in Biedrusko.<\/strong><\/p>\n\n\n\n<p>It was built around 1904. It was then that the then owner, Albrecht von Treskow, sold the property in Biedrusko. The Prussian army was looking for a convenient area to organize a military training ground, so these properties were perfect. After the end of World War I and the defeat of Prussia, these areas became the property of the Polish army. In 1938, the 7th Mounted Rifle Regiment is headquartered here. There are records that after the war was won, a large banquet for 500 people was organized here. Apparently, four horse fanfarers rode their mounts into the ballroom and played a few verses of the company call. The building was characteristic of Prussian buildings and probably many of these types of buildings were built in the territory of the Prussian partition, but this one has survived to our times. When we arrived there in 2017, it was in a deplorable condition. However, now, while writing this information, I have come across something that gives hope for a wonderful renovation of this gem of military architecture. PIT BULL West Coast has acquired the entire property and is carrying out extensive renovation work on the casino and adjacent park. Its director, Mr. Filip Flaczy\u0144ski, is personally very committed to restoring the former splendor of this area. Way to go! More information on this subject can be found on the Biedrusko.pl website.<\/p>\n\n\n\n<figure class=\"wp-block-image size-full\"><img loading=\"lazy\" decoding=\"async\" width=\"1024\" height=\"662\" src=\"http:\/\/okrok.fun\/wp-content\/uploads\/2022\/01\/IMG_2863.jpg\" alt=\"\" class=\"wp-image-370\" srcset=\"http:\/\/okrok.fun\/wp-content\/uploads\/2022\/01\/IMG_2863.jpg 1024w, http:\/\/okrok.fun\/wp-content\/uploads\/2022\/01\/IMG_2863-300x194.jpg 300w, http:\/\/okrok.fun\/wp-content\/uploads\/2022\/01\/IMG_2863-768x497.jpg 768w, http:\/\/okrok.fun\/wp-content\/uploads\/2022\/01\/IMG_2863-850x550.jpg 850w\" sizes=\"(max-width: 1024px) 100vw, 1024px\" \/><\/figure>\n\n\n\n<p>What a bang it was! Glass flew out of the windows, plates on the table jumped, several crystal glasses burst like soap bubbles, and glassy powder scattered on the tablecloth. If not for the persistent squeal in the ears, one could say that there was a deathly silence. The toasts had died down, and laughter hung on the walls, pinned down by an explosion. The conversations, cut with razor and broken glass, fell to the dance floor. This is how the Wielkopolska Cavalry Brigade celebrated in 1921 during the first concentration after the victorious war. Tables set up in the great hall. Over five hundred people at the tables. Toasts flow, cheers do not stop. Four fanfarers rode in on gray horses and sounded the call of the march of the 15th Uhlan regiment. Toast and to the bottom! To the bottom!<\/p>\n\n\n\n<figure class=\"wp-block-image size-full\"><img loading=\"lazy\" decoding=\"async\" width=\"625\" height=\"800\" src=\"http:\/\/okrok.fun\/wp-content\/uploads\/2022\/01\/IMG_2864.jpg\" alt=\"\" class=\"wp-image-371\" srcset=\"http:\/\/okrok.fun\/wp-content\/uploads\/2022\/01\/IMG_2864.jpg 625w, http:\/\/okrok.fun\/wp-content\/uploads\/2022\/01\/IMG_2864-234x300.jpg 234w, http:\/\/okrok.fun\/wp-content\/uploads\/2022\/01\/IMG_2864-300x384.jpg 300w\" sizes=\"(max-width: 625px) 100vw, 625px\" \/><\/figure>\n\n\n\n<p>Colonel \u0141aki\u0144ski, through his adjutant, alerted the closest cannon to the house, who unleashed the cannon standing in the courtyard of the casino and fired to the cheer. God knows where the steel grenade fell with a cap instead of a fuse. Maybe it is still lying on the bottom of the Warta River, or it was buried in the litter in the nearby forests. Before the gendarmes arrived, everything was in its place. Vodka poured, shouts were made, and the toasts grew longer and less understandable. Just the panes on the windows.<\/p>\n\n\n\n<figure class=\"wp-block-image size-full\"><img loading=\"lazy\" decoding=\"async\" width=\"1024\" height=\"659\" src=\"http:\/\/okrok.fun\/wp-content\/uploads\/2022\/01\/IMG_2914.jpg\" alt=\"\" class=\"wp-image-372\" srcset=\"http:\/\/okrok.fun\/wp-content\/uploads\/2022\/01\/IMG_2914.jpg 1024w, http:\/\/okrok.fun\/wp-content\/uploads\/2022\/01\/IMG_2914-300x193.jpg 300w, http:\/\/okrok.fun\/wp-content\/uploads\/2022\/01\/IMG_2914-768x494.jpg 768w, http:\/\/okrok.fun\/wp-content\/uploads\/2022\/01\/IMG_2914-850x547.jpg 850w\" sizes=\"(max-width: 1024px) 100vw, 1024px\" \/><\/figure>\n\n\n\n<p>To this day, the leaky windows scare us not because of a cannon shot to the cheer. Time, maybe the stones of hooligans, or both, deprived the glass of this former bustling object. The floor is collapsing. Several fairly healthy beams try to keep the roof on their shoulders. Bats fly through the halls noiselessly. There was the roar of the gunshot. Let&#8217;s raise a toast to the old days! Cheer!<\/p>\n\n\n\n<p><\/p>\n\n\n\n<p><strong><mark style=\"background-color:rgba(0, 0, 0, 0)\" class=\"has-inline-color has-vivid-red-color\">\u0141ukowo ostatnia wigilia Mickiewicza na polskiej ziemi.<\/mark><\/strong><\/p>\n\n\n\n<figure class=\"wp-block-image size-full\"><img loading=\"lazy\" decoding=\"async\" width=\"572\" height=\"800\" src=\"http:\/\/okrok.fun\/wp-content\/uploads\/2022\/01\/IMG_0022-1.jpg\" alt=\"\" class=\"wp-image-297\" srcset=\"http:\/\/okrok.fun\/wp-content\/uploads\/2022\/01\/IMG_0022-1.jpg 572w, http:\/\/okrok.fun\/wp-content\/uploads\/2022\/01\/IMG_0022-1-215x300.jpg 215w, http:\/\/okrok.fun\/wp-content\/uploads\/2022\/01\/IMG_0022-1-300x420.jpg 300w\" sizes=\"(max-width: 572px) 100vw, 572px\" \/><\/figure>\n\n\n\n<p>Wie\u015b w gminie Oborniki po\u0142o\u017cona cztery kilometry na wsch\u00f3d od Obornik w Wielkopolsce.<\/p>\n\n\n\n<p>Le\u017cy na do\u015b\u0107 ucz\u0119szczanej trasie do Murowanej Go\u015bliny. Jednak ma\u0142o kto si\u0119 tu zatrzymuje, a warto! Tutaj od sierpnia roku 1831 do marca 1832 przebywa\u0142 Adam Mickiewicz. Go\u015bci\u0142 w miejscowym, klasycystycznym pa\u0142acu z pocz\u0105tku XIX wieku, kt\u00f3ry teraz popada w ruin\u0119. Rezydowa\u0142 u \u00f3wczesnego w\u0142a\u015bciciela J\u00f3zefa Grabowskiego oficera napoleo\u0144skiego i polityka. To on sprowadzi\u0142 do \u0141ukowa internowanych na Litwie oficer\u00f3w. Mi\u0119dzy innymi brata Adama Mickiewicza Franciszka. Franciszek pozostawa\u0142 rezydentem \u0141ukowa do 1849 roku. Autor naszej epopei narodowej upami\u0119tni\u0142 J\u00f3zefa Grabowskiego w VII ksi\u0119dze Pana Tadeusza: \u201e\u2026wi\u0119c z panem J\u00f3zefem Grabowskim, kt\u00f3ry teraz jest rejmentu szefem, a pod\u00f3wczas \u017cy\u0142 we wsi blisko Objezierza, polowali\u015bmy na ma\u0142ego zwierza\u2026\u201d<\/p>\n\n\n\n<figure class=\"wp-block-image size-full\"><img loading=\"lazy\" decoding=\"async\" width=\"1024\" height=\"509\" src=\"http:\/\/okrok.fun\/wp-content\/uploads\/2022\/01\/IMG_0021.jpg\" alt=\"\" class=\"wp-image-298\" srcset=\"http:\/\/okrok.fun\/wp-content\/uploads\/2022\/01\/IMG_0021.jpg 1024w, http:\/\/okrok.fun\/wp-content\/uploads\/2022\/01\/IMG_0021-300x149.jpg 300w, http:\/\/okrok.fun\/wp-content\/uploads\/2022\/01\/IMG_0021-768x382.jpg 768w, http:\/\/okrok.fun\/wp-content\/uploads\/2022\/01\/IMG_0021-850x423.jpg 850w\" sizes=\"(max-width: 1024px) 100vw, 1024px\" \/><\/figure>\n\n\n\n<p>Grabowscy &nbsp;popadli w tarapaty finansowe i sprzedali maj\u0105tek. Umie\u015bcili Franciszka w Ro\u017cnowie. Tam przebywa\u0142 do \u015bmierci i jest pochowany na miejscowym cmentarzu.<\/p>\n\n\n\n<figure class=\"wp-block-image size-full\"><img loading=\"lazy\" decoding=\"async\" width=\"552\" height=\"800\" src=\"http:\/\/okrok.fun\/wp-content\/uploads\/2022\/01\/IMG_0024.jpg\" alt=\"\" class=\"wp-image-299\" srcset=\"http:\/\/okrok.fun\/wp-content\/uploads\/2022\/01\/IMG_0024.jpg 552w, http:\/\/okrok.fun\/wp-content\/uploads\/2022\/01\/IMG_0024-207x300.jpg 207w, http:\/\/okrok.fun\/wp-content\/uploads\/2022\/01\/IMG_0024-300x435.jpg 300w\" sizes=\"(max-width: 552px) 100vw, 552px\" \/><\/figure>\n\n\n\n<p>Mo\u017cna zwiedzi\u0107 tu ciekawy ko\u015bci\u00f3\u0142ek drewniany zbudowany w 1780 roku z rokokowym wystrojem wn\u0119trza. To w tym ko\u015bciele Adam Mickiewicz wraz z bratem prze\u017cy\u0142 swoj\u0105 ostatnia pasterk\u0119 na ziemi ojczystej i ju\u017c nigdy swej ziemi ojczystej nie zobaczy\u0142.<\/p>\n\n\n\n<figure class=\"wp-block-image size-full\"><img loading=\"lazy\" decoding=\"async\" width=\"1024\" height=\"683\" src=\"http:\/\/okrok.fun\/wp-content\/uploads\/2022\/01\/IMG_0016.jpg\" alt=\"\" class=\"wp-image-307\" srcset=\"http:\/\/okrok.fun\/wp-content\/uploads\/2022\/01\/IMG_0016.jpg 1024w, http:\/\/okrok.fun\/wp-content\/uploads\/2022\/01\/IMG_0016-300x200.jpg 300w, http:\/\/okrok.fun\/wp-content\/uploads\/2022\/01\/IMG_0016-768x512.jpg 768w, http:\/\/okrok.fun\/wp-content\/uploads\/2022\/01\/IMG_0016-850x567.jpg 850w\" sizes=\"(max-width: 1024px) 100vw, 1024px\" \/><figcaption class=\"wp-element-caption\">W kt\u00f3rej\u015b z tych \u0142awek siedzia\u0142 Adam Mickiewicz.<\/figcaption><\/figure>\n\n\n\n<figure class=\"wp-block-image size-full\"><img loading=\"lazy\" decoding=\"async\" width=\"1024\" height=\"648\" src=\"http:\/\/okrok.fun\/wp-content\/uploads\/2022\/01\/IMG_0026.jpg\" alt=\"\" class=\"wp-image-300\" srcset=\"http:\/\/okrok.fun\/wp-content\/uploads\/2022\/01\/IMG_0026.jpg 1024w, http:\/\/okrok.fun\/wp-content\/uploads\/2022\/01\/IMG_0026-300x190.jpg 300w, http:\/\/okrok.fun\/wp-content\/uploads\/2022\/01\/IMG_0026-768x486.jpg 768w, http:\/\/okrok.fun\/wp-content\/uploads\/2022\/01\/IMG_0026-850x538.jpg 850w\" sizes=\"(max-width: 1024px) 100vw, 1024px\" \/><\/figure>\n\n\n\n<p>Dzi\u015b budynek niszczeje, a to w\u0142a\u015bnie w pokojach tego pa\u0142acu mi\u0119dzy wigili\u0105 1831, a nowym rokiem 1832 nasz wieszcz zacz\u0105\u0142 pisa\u0107 Pana Tadeusza.<\/p>\n\n\n\n<figure class=\"wp-block-image size-full\"><img loading=\"lazy\" decoding=\"async\" width=\"1024\" height=\"639\" src=\"http:\/\/okrok.fun\/wp-content\/uploads\/2022\/01\/IMG_0027.jpg\" alt=\"\" class=\"wp-image-301\" srcset=\"http:\/\/okrok.fun\/wp-content\/uploads\/2022\/01\/IMG_0027.jpg 1024w, http:\/\/okrok.fun\/wp-content\/uploads\/2022\/01\/IMG_0027-300x187.jpg 300w, http:\/\/okrok.fun\/wp-content\/uploads\/2022\/01\/IMG_0027-768x479.jpg 768w, http:\/\/okrok.fun\/wp-content\/uploads\/2022\/01\/IMG_0027-850x530.jpg 850w\" sizes=\"(max-width: 1024px) 100vw, 1024px\" \/><\/figure>\n\n\n\n<p><strong>\u0141ukowo the last Christmas Eve of Mickiewicz on Polish soil.<\/strong><\/p>\n\n\n\n<p>A village in the Oborniki commune, four kilometers east of Oborniki in Greater Poland.<\/p>\n\n\n\n<p>It is situated on the quite frequented route to Murowana Go\u015blina. However, hardly anyone stops here, and it&#8217;s worth it! Adam Mickiewicz stayed here from August 1831 to March 1832. He visited the local, classicist palace from the beginning of the 19th century, which is now falling into disrepair. He resided with the then owner J\u00f3zef Grabowski, a Napoleonic officer and politician. It was he who brought the officers interned in Lithuania to \u0141uk\u00f3w. Among others, brother of Adam Mickiewicz Franciszek. Franciszek remained a resident of \u0141uk\u00f3w until 1849. The author of our national epic commemorated J\u00f3zef Grabowski in the 7th book of Pan Tadeusz: '&#8230; so with J\u00f3zef Grabowski, who is now the boss of the regiment and then lived in a village close to Objezierze, we hunted small game &#8230;&#8217;<\/p>\n\n\n\n<figure class=\"wp-block-image size-large\"><img loading=\"lazy\" decoding=\"async\" width=\"1024\" height=\"789\" src=\"http:\/\/okrok.fun\/wp-content\/uploads\/2022\/01\/IMG_0028-1024x789.jpg\" alt=\"\" class=\"wp-image-302\" srcset=\"http:\/\/okrok.fun\/wp-content\/uploads\/2022\/01\/IMG_0028-1024x789.jpg 1024w, http:\/\/okrok.fun\/wp-content\/uploads\/2022\/01\/IMG_0028-300x231.jpg 300w, http:\/\/okrok.fun\/wp-content\/uploads\/2022\/01\/IMG_0028-768x592.jpg 768w, http:\/\/okrok.fun\/wp-content\/uploads\/2022\/01\/IMG_0028-850x655.jpg 850w, http:\/\/okrok.fun\/wp-content\/uploads\/2022\/01\/IMG_0028.jpg 1204w\" sizes=\"(max-width: 1024px) 100vw, 1024px\" \/><\/figure>\n\n\n\n<p>&nbsp;The Grabowski family got into financial trouble and sold their property. They placed Franciszek in Ro\u017cn\u00f3w. He stayed there until his death and is buried in the local cemetery.<\/p>\n\n\n\n<figure class=\"wp-block-image size-full\"><img loading=\"lazy\" decoding=\"async\" width=\"1024\" height=\"823\" src=\"http:\/\/okrok.fun\/wp-content\/uploads\/2022\/01\/IMG_0029.jpg\" alt=\"\" class=\"wp-image-303\" srcset=\"http:\/\/okrok.fun\/wp-content\/uploads\/2022\/01\/IMG_0029.jpg 1024w, http:\/\/okrok.fun\/wp-content\/uploads\/2022\/01\/IMG_0029-300x241.jpg 300w, http:\/\/okrok.fun\/wp-content\/uploads\/2022\/01\/IMG_0029-768x617.jpg 768w, http:\/\/okrok.fun\/wp-content\/uploads\/2022\/01\/IMG_0029-850x683.jpg 850w\" sizes=\"(max-width: 1024px) 100vw, 1024px\" \/><\/figure>\n\n\n\n<p>You can visit an interesting wooden church built in 1780 with a rococo interior design. It was in this church that Adam Mickiewicz and his brother lived their last Midnight Mass on their homeland and never saw their homeland again.<\/p>\n\n\n\n<figure class=\"wp-block-image size-full\"><img loading=\"lazy\" decoding=\"async\" width=\"1024\" height=\"478\" src=\"http:\/\/okrok.fun\/wp-content\/uploads\/2022\/01\/IMG_0030.jpg\" alt=\"\" class=\"wp-image-304\" srcset=\"http:\/\/okrok.fun\/wp-content\/uploads\/2022\/01\/IMG_0030.jpg 1024w, http:\/\/okrok.fun\/wp-content\/uploads\/2022\/01\/IMG_0030-300x140.jpg 300w, http:\/\/okrok.fun\/wp-content\/uploads\/2022\/01\/IMG_0030-768x359.jpg 768w, http:\/\/okrok.fun\/wp-content\/uploads\/2022\/01\/IMG_0030-850x397.jpg 850w\" sizes=\"(max-width: 1024px) 100vw, 1024px\" \/><\/figure>\n\n\n\n<p>Today the building is deteriorating, and it was in the rooms of this palace between the eve of 1831 and the new year 1832 that our bard began to write Pan Tadeusz.<\/p>\n\n\n\n<figure class=\"wp-block-image size-full\"><img loading=\"lazy\" decoding=\"async\" width=\"533\" height=\"800\" src=\"http:\/\/okrok.fun\/wp-content\/uploads\/2022\/01\/IMG_0031.jpg\" alt=\"\" class=\"wp-image-305\" srcset=\"http:\/\/okrok.fun\/wp-content\/uploads\/2022\/01\/IMG_0031.jpg 533w, http:\/\/okrok.fun\/wp-content\/uploads\/2022\/01\/IMG_0031-200x300.jpg 200w, http:\/\/okrok.fun\/wp-content\/uploads\/2022\/01\/IMG_0031-300x450.jpg 300w\" sizes=\"(max-width: 533px) 100vw, 533px\" \/><\/figure>\n\n\n\n<p><\/p>\n\n\n\n<p><mark style=\"background-color:rgba(0, 0, 0, 0)\" class=\"has-inline-color has-vivid-red-color\">Wybicki w Manieczkach.<\/mark><\/p>\n\n\n\n<p>\u201eUkochanym zak\u0105tkiem\u201d nazywa\u0142 J\u00f3zef Rufin Wybicki swoj\u0105 posiad\u0142o\u015b\u0107 w Manieczkach w kt\u00f3rej mieszka\u0142 od 1781 r. do ko\u0144ca \u017cycia czyli 1822r. Wie\u015b, zanim przesz\u0142a w r\u0119ce autora hymnu narodowego by\u0142a w\u0142asno\u015bci\u0105 Jana Gliszczy\u0144skiego, a nast\u0119pnie rodziny Ko\u0142aczkowskich. Dw\u00f3r, kt\u00f3ry mo\u017cemy ogl\u0105da\u0107 obecnie nie pami\u0119ta osoby Wybickiego. Tamten sp\u0142on\u0105\u0142 kilka lat po \u015bmierci genera\u0142a.<\/p>\n\n\n\n<figure class=\"wp-block-image size-full\"><img loading=\"lazy\" decoding=\"async\" width=\"1024\" height=\"582\" src=\"http:\/\/okrok.fun\/wp-content\/uploads\/2022\/01\/IMG_3555-1.jpg\" alt=\"\" class=\"wp-image-284\" srcset=\"http:\/\/okrok.fun\/wp-content\/uploads\/2022\/01\/IMG_3555-1.jpg 1024w, http:\/\/okrok.fun\/wp-content\/uploads\/2022\/01\/IMG_3555-1-300x171.jpg 300w, http:\/\/okrok.fun\/wp-content\/uploads\/2022\/01\/IMG_3555-1-768x437.jpg 768w, http:\/\/okrok.fun\/wp-content\/uploads\/2022\/01\/IMG_3555-1-850x483.jpg 850w\" sizes=\"(max-width: 1024px) 100vw, 1024px\" \/><\/figure>\n\n\n\n<p> W lipcu 1960 r. utworzono tu Kombinat Pa\u0144stwowych Gospodarstw Rolnych Manieczki. Od 1978 r. by\u0142 on jednym z dw\u00f3ch wzorowych Pa\u0144stwowych Gospodarstw Rolnych. W 1993 r. przekszta\u0142cony zosta\u0142 w Gospodarstwo Rolne Skarbu Pa\u0144stwa Manieczki, a w 1994 r. po prywatyzacji w Kombinat Rolno-Przemys\u0142owy Manieczki Sp. z o.o. Od 1978 r. we dworze mie\u015bci\u0142o si\u0119 Muzeum im. gen. J\u00f3zefa Wybickiego &nbsp;&nbsp;&nbsp;Dw\u00f3r jest obecnie w\u0142asno\u015bci\u0105 Wojciecha Mroza i popada w ruin\u0119. O jego odzyskanie staraj\u0105 si\u0119 potomkowie ostatniego w\u0142a\u015bciciela&nbsp; mi\u0119dzy innymi Maria Baier.<\/p>\n\n\n\n<figure class=\"wp-block-image size-full\"><img loading=\"lazy\" decoding=\"async\" width=\"616\" height=\"900\" src=\"http:\/\/okrok.fun\/wp-content\/uploads\/2022\/01\/IMG_3556.jpg\" alt=\"\" class=\"wp-image-285\" srcset=\"http:\/\/okrok.fun\/wp-content\/uploads\/2022\/01\/IMG_3556.jpg 616w, http:\/\/okrok.fun\/wp-content\/uploads\/2022\/01\/IMG_3556-205x300.jpg 205w, http:\/\/okrok.fun\/wp-content\/uploads\/2022\/01\/IMG_3556-300x438.jpg 300w\" sizes=\"(max-width: 616px) 100vw, 616px\" \/><\/figure>\n\n\n\n<p>Przy budynku znajduje si\u0119 park z trzema stawami i \u015bci\u0119tymi kolumnami z 1766 r. wzniesione przez Ko\u0142aczkowskiego dla upami\u0119tnienia pojedynku, w kt\u00f3rym zgin\u0119li jego dwaj synowie.<\/p>\n\n\n\n<figure class=\"wp-block-image size-full\"><img loading=\"lazy\" decoding=\"async\" width=\"609\" height=\"900\" src=\"http:\/\/okrok.fun\/wp-content\/uploads\/2022\/01\/IMG_3557.jpg\" alt=\"\" class=\"wp-image-286\" srcset=\"http:\/\/okrok.fun\/wp-content\/uploads\/2022\/01\/IMG_3557.jpg 609w, http:\/\/okrok.fun\/wp-content\/uploads\/2022\/01\/IMG_3557-203x300.jpg 203w, http:\/\/okrok.fun\/wp-content\/uploads\/2022\/01\/IMG_3557-300x443.jpg 300w\" sizes=\"(max-width: 609px) 100vw, 609px\" \/><\/figure>\n\n\n\n<p>W p\u00f3\u0142nocno zachodniej cz\u0119\u015bci parku usytuowana jest barokowa kaplica-rotunda z 1786 r. ufundowana przez J\u00f3zefa Wybickiego w dow\u00f3d wdzi\u0119czno\u015bci Bogu za \u017cyciow\u0105 pomy\u015blno\u015b\u0107.<\/p>\n\n\n\n<figure class=\"wp-block-image size-full\"><img loading=\"lazy\" decoding=\"async\" width=\"605\" height=\"900\" src=\"http:\/\/okrok.fun\/wp-content\/uploads\/2022\/01\/IMG_3558.jpg\" alt=\"\" class=\"wp-image-287\" srcset=\"http:\/\/okrok.fun\/wp-content\/uploads\/2022\/01\/IMG_3558.jpg 605w, http:\/\/okrok.fun\/wp-content\/uploads\/2022\/01\/IMG_3558-202x300.jpg 202w, http:\/\/okrok.fun\/wp-content\/uploads\/2022\/01\/IMG_3558-300x446.jpg 300w\" sizes=\"(max-width: 605px) 100vw, 605px\" \/><\/figure>\n\n\n\n<p>Brodnica to tu zosta\u0142 pochowany J\u00f3zef Wybicki. Obecnie gr\u00f3b jest pusty. Prochy autora mazurka d\u0105browskiego zosta\u0142y przeniesione do Poznania i spoczywaj\u0105 w krypcie zas\u0142u\u017conych w ko\u015bciele pw. \u015bw. Wojciecha.<\/p>\n\n\n\n<figure class=\"wp-block-image size-full\"><img loading=\"lazy\" decoding=\"async\" width=\"600\" height=\"900\" src=\"http:\/\/okrok.fun\/wp-content\/uploads\/2022\/01\/IMG_3566.jpg\" alt=\"\" class=\"wp-image-288\" srcset=\"http:\/\/okrok.fun\/wp-content\/uploads\/2022\/01\/IMG_3566.jpg 600w, http:\/\/okrok.fun\/wp-content\/uploads\/2022\/01\/IMG_3566-200x300.jpg 200w, http:\/\/okrok.fun\/wp-content\/uploads\/2022\/01\/IMG_3566-300x450.jpg 300w\" sizes=\"(max-width: 600px) 100vw, 600px\" \/><\/figure>\n\n\n\n<p>Wybicki in Manieczki.<\/p>\n\n\n\n<p>J\u00f3zef Rufin Wybicki called his 'beloved corner&#8217; his property in Manieczki, where he lived from 1781 until the end of his life, i.e. 1822. Before it passed into the hands of the author of the national anthem, the village was owned by Jan Gliszczy\u0144ski, and then by the Ko\u0142aczkowski family. The manor house that we can see does not remember Wybicki. The latter burned down a few years after the general&#8217;s death. In July 1960, Kombinat Pa\u0144stwowe Gospodarstwa Manieczki was established here. From 1978, it was one of the two exemplary State Farms.<\/p>\n\n\n\n<figure class=\"wp-block-image size-full\"><img loading=\"lazy\" decoding=\"async\" width=\"600\" height=\"900\" src=\"http:\/\/okrok.fun\/wp-content\/uploads\/2022\/01\/IMG_3568.jpg\" alt=\"\" class=\"wp-image-289\" srcset=\"http:\/\/okrok.fun\/wp-content\/uploads\/2022\/01\/IMG_3568.jpg 600w, http:\/\/okrok.fun\/wp-content\/uploads\/2022\/01\/IMG_3568-200x300.jpg 200w, http:\/\/okrok.fun\/wp-content\/uploads\/2022\/01\/IMG_3568-300x450.jpg 300w\" sizes=\"(max-width: 600px) 100vw, 600px\" \/><\/figure>\n\n\n\n<p> In 1993, it was transformed into the Manieczki State Treasury Farm, and in 1994, after privatization, into Kombinat Rolno-Przemys\u0142owy Manieczki Sp. z o.o. From 1978, the manor house housed the Museum of gen. J\u00f3zef Wybicki, the manor is currently the property of Wojciech Mr\u00f3z and is falling into ruin. The descendants of the last owner, including Maria Baier, are trying to recover it.<\/p>\n\n\n\n<figure class=\"wp-block-image size-full\"><img loading=\"lazy\" decoding=\"async\" width=\"600\" height=\"900\" src=\"http:\/\/okrok.fun\/wp-content\/uploads\/2022\/01\/IMG_3571.jpg\" alt=\"\" class=\"wp-image-290\" srcset=\"http:\/\/okrok.fun\/wp-content\/uploads\/2022\/01\/IMG_3571.jpg 600w, http:\/\/okrok.fun\/wp-content\/uploads\/2022\/01\/IMG_3571-200x300.jpg 200w, http:\/\/okrok.fun\/wp-content\/uploads\/2022\/01\/IMG_3571-300x450.jpg 300w\" sizes=\"(max-width: 600px) 100vw, 600px\" \/><\/figure>\n\n\n\n<p>Next to the building there is a park with three ponds and truncated columns from 1766, erected by Ko\u0142aczkowski to commemorate the duel in which his two sons died.<\/p>\n\n\n\n<figure class=\"wp-block-image size-full\"><img loading=\"lazy\" decoding=\"async\" width=\"1024\" height=\"683\" src=\"http:\/\/okrok.fun\/wp-content\/uploads\/2022\/01\/IMG_3584.jpg\" alt=\"\" class=\"wp-image-291\" srcset=\"http:\/\/okrok.fun\/wp-content\/uploads\/2022\/01\/IMG_3584.jpg 1024w, http:\/\/okrok.fun\/wp-content\/uploads\/2022\/01\/IMG_3584-300x200.jpg 300w, http:\/\/okrok.fun\/wp-content\/uploads\/2022\/01\/IMG_3584-768x512.jpg 768w, http:\/\/okrok.fun\/wp-content\/uploads\/2022\/01\/IMG_3584-850x567.jpg 850w\" sizes=\"(max-width: 1024px) 100vw, 1024px\" \/><\/figure>\n\n\n\n<p>In the north-west part of the park, there is a baroque chapel-rotunda from 1786, funded by J\u00f3zef Wybicki as a token of gratitude to God for the prosperity of his life.<\/p>\n\n\n\n<figure class=\"wp-block-image size-full\"><img loading=\"lazy\" decoding=\"async\" width=\"618\" height=\"900\" src=\"http:\/\/okrok.fun\/wp-content\/uploads\/2022\/01\/IMG_3597.jpg\" alt=\"\" class=\"wp-image-292\" srcset=\"http:\/\/okrok.fun\/wp-content\/uploads\/2022\/01\/IMG_3597.jpg 618w, http:\/\/okrok.fun\/wp-content\/uploads\/2022\/01\/IMG_3597-206x300.jpg 206w, http:\/\/okrok.fun\/wp-content\/uploads\/2022\/01\/IMG_3597-300x437.jpg 300w\" sizes=\"(max-width: 618px) 100vw, 618px\" \/><\/figure>\n\n\n\n<p>Brodnica is where J\u00f3zef Wybicki was buried. Currently, the tomb is empty. The ashes of the author of the mazurka D\u0105browski were transferred to Pozna\u0144 and rest in the crypt of the distinguished in the church of st. Wojciech.<\/p>\n\n\n\n<p><\/p>\n\n\n\n<p><mark style=\"background-color:rgba(0, 0, 0, 0)\" class=\"has-inline-color has-vivid-red-color\"><strong>Pa\u0142ac w Nieszawie. <\/strong><\/mark><\/p>\n\n\n\n<figure class=\"wp-block-image size-full\"><img loading=\"lazy\" decoding=\"async\" width=\"1024\" height=\"645\" src=\"http:\/\/okrok.fun\/wp-content\/uploads\/2022\/01\/IMG_7351-1.jpg\" alt=\"\" class=\"wp-image-215\" srcset=\"http:\/\/okrok.fun\/wp-content\/uploads\/2022\/01\/IMG_7351-1.jpg 1024w, http:\/\/okrok.fun\/wp-content\/uploads\/2022\/01\/IMG_7351-1-300x189.jpg 300w, http:\/\/okrok.fun\/wp-content\/uploads\/2022\/01\/IMG_7351-1-768x484.jpg 768w, http:\/\/okrok.fun\/wp-content\/uploads\/2022\/01\/IMG_7351-1-850x535.jpg 850w\" sizes=\"(max-width: 1024px) 100vw, 1024px\" \/><\/figure>\n\n\n\n<p><\/p>\n\n\n\n<figure class=\"wp-block-image size-full\"><img loading=\"lazy\" decoding=\"async\" width=\"1024\" height=\"683\" src=\"http:\/\/okrok.fun\/wp-content\/uploads\/2022\/01\/IMG_7353-1.jpg\" alt=\"\" class=\"wp-image-216\" srcset=\"http:\/\/okrok.fun\/wp-content\/uploads\/2022\/01\/IMG_7353-1.jpg 1024w, http:\/\/okrok.fun\/wp-content\/uploads\/2022\/01\/IMG_7353-1-300x200.jpg 300w, http:\/\/okrok.fun\/wp-content\/uploads\/2022\/01\/IMG_7353-1-768x512.jpg 768w, http:\/\/okrok.fun\/wp-content\/uploads\/2022\/01\/IMG_7353-1-850x567.jpg 850w\" sizes=\"(max-width: 1024px) 100vw, 1024px\" \/><\/figure>\n\n\n\n<p>Zbudowany najprawdopodobniej z fundacji rodziny Miel\u0119ckich stylu neoklasycystycznym. W roku1879 przej\u0119ty przez rodzin\u0119 von Treskow, kt\u00f3rzy przebudowali pa\u0142ac. Jest on pi\u0119trow\u0105, podpiwniczon\u0105 budowl\u0105 z dwoma prostopad\u0142ymi skrzyd\u0142ami dostawionymi do jego bok\u00f3w. <\/p>\n\n\n\n<figure class=\"wp-block-image size-full\"><img loading=\"lazy\" decoding=\"async\" width=\"600\" height=\"900\" src=\"http:\/\/okrok.fun\/wp-content\/uploads\/2022\/01\/IMG_7352-1.jpg\" alt=\"\" class=\"wp-image-217\" srcset=\"http:\/\/okrok.fun\/wp-content\/uploads\/2022\/01\/IMG_7352-1.jpg 600w, http:\/\/okrok.fun\/wp-content\/uploads\/2022\/01\/IMG_7352-1-200x300.jpg 200w, http:\/\/okrok.fun\/wp-content\/uploads\/2022\/01\/IMG_7352-1-300x450.jpg 300w\" sizes=\"(max-width: 600px) 100vw, 600px\" \/><\/figure>\n\n\n\n<p>Ca\u0142o\u015b\u0107 jest otoczona, obecnie zaniedbanym parkiem krajobrazowym o powierzchni 7,4 hektara. Po wojnie pa\u0142ac sta\u0142 si\u0119 budynkiem mieszkalnym co doprowadzi\u0142o go do ruiny. <\/p>\n\n\n\n<figure class=\"wp-block-image size-full\"><img loading=\"lazy\" decoding=\"async\" width=\"1024\" height=\"683\" src=\"http:\/\/okrok.fun\/wp-content\/uploads\/2022\/01\/IMG_7366-1.jpg\" alt=\"\" class=\"wp-image-218\" srcset=\"http:\/\/okrok.fun\/wp-content\/uploads\/2022\/01\/IMG_7366-1.jpg 1024w, http:\/\/okrok.fun\/wp-content\/uploads\/2022\/01\/IMG_7366-1-300x200.jpg 300w, http:\/\/okrok.fun\/wp-content\/uploads\/2022\/01\/IMG_7366-1-768x512.jpg 768w, http:\/\/okrok.fun\/wp-content\/uploads\/2022\/01\/IMG_7366-1-850x567.jpg 850w\" sizes=\"(max-width: 1024px) 100vw, 1024px\" \/><\/figure>\n\n\n\n<p>Ostatnio pa\u0142ac zosta\u0142 nabyty w 2007r przez Ann\u0119 Markowsk\u0105 szafow\u0105 fundacji \u201eBahte\u0142e Roma \u2013 Szcz\u0119\u015bliwi Cyganie\u201d z my\u015bl\u0105 utworzenia tam centrum kultury romskiej. Budynek jest w\u0142asno\u015bci\u0105 pani Ani, ale grunt na kt\u00f3rym stoi nale\u017cy do gminy i tak pa\u0142ac niszczeje bo trudno jest znale\u017a\u0107 inwestora, kt\u00f3ry zainteresuje si\u0119 losem pa\u0142acu.<\/p>\n\n\n\n<figure class=\"wp-block-image size-full\"><img loading=\"lazy\" decoding=\"async\" width=\"1024\" height=\"683\" src=\"http:\/\/okrok.fun\/wp-content\/uploads\/2022\/01\/IMG_7355-1.jpg\" alt=\"\" class=\"wp-image-219\" srcset=\"http:\/\/okrok.fun\/wp-content\/uploads\/2022\/01\/IMG_7355-1.jpg 1024w, http:\/\/okrok.fun\/wp-content\/uploads\/2022\/01\/IMG_7355-1-300x200.jpg 300w, http:\/\/okrok.fun\/wp-content\/uploads\/2022\/01\/IMG_7355-1-768x512.jpg 768w, http:\/\/okrok.fun\/wp-content\/uploads\/2022\/01\/IMG_7355-1-850x567.jpg 850w\" sizes=\"(max-width: 1024px) 100vw, 1024px\" \/><\/figure>\n\n\n\n<p>Palace in Nieszawa.<\/p>\n\n\n\n<p>Greater Poland Voivodeship.<br>Built most probably from the foundation of the Miel\u0119cki family in the neoclassical style. In 1879 it was taken over by the von Treskow family, who rebuilt the palace. It is a multi-storey building with a basement, with two perpendicular wings added to its sides. <\/p>\n\n\n\n<figure class=\"wp-block-image size-full\"><img loading=\"lazy\" decoding=\"async\" width=\"600\" height=\"900\" src=\"http:\/\/okrok.fun\/wp-content\/uploads\/2022\/01\/IMG_7350.jpg\" alt=\"\" class=\"wp-image-220\" srcset=\"http:\/\/okrok.fun\/wp-content\/uploads\/2022\/01\/IMG_7350.jpg 600w, http:\/\/okrok.fun\/wp-content\/uploads\/2022\/01\/IMG_7350-200x300.jpg 200w, http:\/\/okrok.fun\/wp-content\/uploads\/2022\/01\/IMG_7350-300x450.jpg 300w\" sizes=\"(max-width: 600px) 100vw, 600px\" \/><\/figure>\n\n\n\n<p>The whole area is surrounded by a 7.4 hectare landscape park, which is now neglected. After the war, the palace became a residential building which led to its ruin. Recently, the palace was purchased in 2007 by Anna Markowska the wardrobe foundation 'Bahte\u0142e Roma \u2013 Happy Gypsies\u2019 with the intention of creating a Roma culture center there. The building is owned by Mrs. Ania, but the land on which it stands belongs to the commune and so the palace is deteriorating because it is difficult to find an investor interested in the fate of the palace.<\/p>\n","protected":false},"excerpt":{"rendered":"<p>Zaborowo. Ci\u0119\u017cko si\u0119 przedosta\u0107 przez chaszcze w maju. Pokrzywy, je\u017cyny, zaro\u015bla uniemo\u017cliwiaj\u0105 dotarcie do budynku. Zielono\u015b\u0107 zakrywa go w wi\u0119kszym procencie tak, \u017ce z drogi jest s\u0142abo widoczny. W dawnym parku kwitn\u0105 kasztany. Nad wszystkim g\u00f3ruje wie\u017cyczka ciekawie zwie\u0144czona kopu\u0142\u0105. \u00a0Reszta to ruina podparta wewn\u0105trz drewnianymi \u017cerdziami. Pocz\u0105tki dworu datuj\u0105 si\u0119 na ostatnie lata XIX&#8230;<\/p>\n","protected":false},"author":1,"featured_media":1540,"comment_status":"open","ping_status":"open","sticky":true,"template":"","format":"standard","meta":{"footnotes":""},"categories":[1,15],"tags":[],"class_list":["post-214","post","type-post","status-publish","format-standard","has-post-thumbnail","hentry","category-bez-kategorii","category-palac-dwor-zamek"],"_links":{"self":[{"href":"http:\/\/okrok.fun\/index.php?rest_route=\/wp\/v2\/posts\/214","targetHints":{"allow":["GET"]}}],"collection":[{"href":"http:\/\/okrok.fun\/index.php?rest_route=\/wp\/v2\/posts"}],"about":[{"href":"http:\/\/okrok.fun\/index.php?rest_route=\/wp\/v2\/types\/post"}],"author":[{"embeddable":true,"href":"http:\/\/okrok.fun\/index.php?rest_route=\/wp\/v2\/users\/1"}],"replies":[{"embeddable":true,"href":"http:\/\/okrok.fun\/index.php?rest_route=%2Fwp%2Fv2%2Fcomments&post=214"}],"version-history":[{"count":48,"href":"http:\/\/okrok.fun\/index.php?rest_route=\/wp\/v2\/posts\/214\/revisions"}],"predecessor-version":[{"id":1560,"href":"http:\/\/okrok.fun\/index.php?rest_route=\/wp\/v2\/posts\/214\/revisions\/1560"}],"wp:featuredmedia":[{"embeddable":true,"href":"http:\/\/okrok.fun\/index.php?rest_route=\/wp\/v2\/media\/1540"}],"wp:attachment":[{"href":"http:\/\/okrok.fun\/index.php?rest_route=%2Fwp%2Fv2%2Fmedia&parent=214"}],"wp:term":[{"taxonomy":"category","embeddable":true,"href":"http:\/\/okrok.fun\/index.php?rest_route=%2Fwp%2Fv2%2Fcategories&post=214"},{"taxonomy":"post_tag","embeddable":true,"href":"http:\/\/okrok.fun\/index.php?rest_route=%2Fwp%2Fv2%2Ftags&post=214"}],"curies":[{"name":"wp","href":"https:\/\/api.w.org\/{rel}","templated":true}]}}